{"id":1814,"date":"2014-03-19T17:55:12","date_gmt":"2014-03-19T17:55:12","guid":{"rendered":"http:\/\/www.der-arzneimittelbrief.de\/nachrichten\/?p=1814"},"modified":"2014-03-19T17:55:12","modified_gmt":"2014-03-19T17:55:12","slug":"ueberlaeufer-ema-chef-geht-zur-industrie","status":"publish","type":"post","link":"https:\/\/www.der-arzneimittelbrief.de\/nachrichten\/ueberlaeufer-ema-chef-geht-zur-industrie\/","title":{"rendered":"\u00dcberl\u00e4ufer: EMA-Chef geht zur Industrie"},"content":{"rendered":"<p>AMB 2011,\u00a045, 32b &nbsp; \u00dcberl\u00e4ufer: EMA-Chef geht zur Industrie &nbsp; Die europ\u00e4ische Beh\u00f6rde EMA l\u00e4sst viele Medikamente zu, die auch in Deutschland verkauft werden. Der bisherige Direktor der Beh\u00f6rde wechselte jetzt direkt in die Chefetagen der Pharmaindustrie. &nbsp; Zehn Jahre leitete Thomas L\u00f6nngren die EMA in London. Als Ende 2010 seine Amtszeit endete, hatte er [&hellip;]<\/p>\n","protected":false},"excerpt":{"rendered":"<p>AMB 2011,\u00a045, 32b &nbsp; \u00dcberl\u00e4ufer: EMA-Chef geht zur Industrie &nbsp; Die europ\u00e4ische Beh\u00f6rde EMA l\u00e4sst viele Medikamente zu, die auch in Deutschland verkauft werden. Der bisherige Direktor der Beh\u00f6rde wechselte jetzt direkt in die Chefetagen der Pharmaindustrie. &nbsp; Zehn Jahre leitete Thomas L\u00f6nngren die EMA in London. Als Ende 2010 seine Amtszeit endete, hatte er [&hellip;]<\/p>\n","protected":false},"author":5,"featured_media":0,"comment_status":"closed","ping_status":"open","sticky":false,"template":"","format":"standard","meta":{"_editorskit_title_hidden":false,"_editorskit_reading_time":0,"_editorskit_is_block_options_detached":false,"_editorskit_block_options_position":"{}","footnotes":""},"categories":[199,943],"tags":[124,125,963,211],"class_list":["post-1814","post","type-post","status-publish","format-standard","hentry","category-jahr-2011-band-45","category-monat-4","tag-ema","tag-europaeische-arzneimittel-agentur","tag-loenngren","tag-pharmaindustrie"],"yoast_head":"<!-- This site is optimized with the Yoast SEO plugin v27.3 - https:\/\/yoast.com\/product\/yoast-seo-wordpress\/ -->\n<title>\u00dcberl\u00e4ufer: EMA-Chef geht zur Industrie<\/title>\n<meta name=\"description\" content=\"Die europ\u00e4ische Beh\u00f6rde EMA l\u00e4sst viele Medikamente zu, die auch in Deutschland verkauft werden ...\" \/>\n<meta name=\"robots\" content=\"index, follow, max-snippet:-1, max-image-preview:large, max-video-preview:-1\" \/>\n<link rel=\"canonical\" href=\"https:\/\/www.der-arzneimittelbrief.de\/nachrichten\/ueberlaeufer-ema-chef-geht-zur-industrie\/\" \/>\n<meta property=\"og:locale\" content=\"de_DE\" \/>\n<meta property=\"og:type\" content=\"article\" \/>\n<meta property=\"og:title\" content=\"\u00dcberl\u00e4ufer: EMA-Chef geht zur Industrie\" \/>\n<meta property=\"og:description\" content=\"Die europ\u00e4ische Beh\u00f6rde EMA l\u00e4sst viele Medikamente zu, die auch in Deutschland verkauft werden ...\" \/>\n<meta property=\"og:url\" content=\"https:\/\/www.der-arzneimittelbrief.de\/nachrichten\/ueberlaeufer-ema-chef-geht-zur-industrie\/\" \/>\n<meta property=\"og:site_name\" content=\"Der Arzneimittelbrief\" \/>\n<meta property=\"article:publisher\" content=\"http:\/\/www.facebook.com\/derarzneimittelbrief.de\" \/>\n<meta property=\"article:published_time\" content=\"2014-03-19T17:55:12+00:00\" \/>\n<meta property=\"og:image\" content=\"http:\/\/www.der-arzneimittelbrief.de\/_images\/link.jpeg\" \/>\n<meta name=\"author\" content=\"henk-amb\" \/>\n<meta name=\"twitter:label1\" content=\"Verfasst von\" \/>\n\t<meta name=\"twitter:data1\" content=\"henk-amb\" \/>\n\t<meta name=\"twitter:label2\" content=\"Gesch\u00e4tzte Lesezeit\" \/>\n\t<meta name=\"twitter:data2\" content=\"2\u00a0Minuten\" \/>\n<script type=\"application\/ld+json\" class=\"yoast-schema-graph\">{\"@context\":\"https:\\\/\\\/schema.org\",\"@graph\":[{\"@type\":\"Article\",\"@id\":\"https:\\\/\\\/www.der-arzneimittelbrief.de\\\/nachrichten\\\/ueberlaeufer-ema-chef-geht-zur-industrie\\\/#article\",\"isPartOf\":{\"@id\":\"https:\\\/\\\/www.der-arzneimittelbrief.de\\\/nachrichten\\\/ueberlaeufer-ema-chef-geht-zur-industrie\\\/\"},\"author\":{\"name\":\"henk-amb\",\"@id\":\"https:\\\/\\\/www.der-arzneimittelbrief.de\\\/nachrichten\\\/#\\\/schema\\\/person\\\/2e7981c97826a4941311e607c145d937\"},\"headline\":\"\u00dcberl\u00e4ufer: EMA-Chef geht zur Industrie\",\"datePublished\":\"2014-03-19T17:55:12+00:00\",\"mainEntityOfPage\":{\"@id\":\"https:\\\/\\\/www.der-arzneimittelbrief.de\\\/nachrichten\\\/ueberlaeufer-ema-chef-geht-zur-industrie\\\/\"},\"wordCount\":477,\"image\":{\"@id\":\"https:\\\/\\\/www.der-arzneimittelbrief.de\\\/nachrichten\\\/ueberlaeufer-ema-chef-geht-zur-industrie\\\/#primaryimage\"},\"thumbnailUrl\":\"http:\\\/\\\/www.der-arzneimittelbrief.de\\\/_images\\\/link.jpeg\",\"keywords\":[\"EMA\",\"Europ\u00e4ische Arzneimittel-Agentur\",\"L\u00f6nngren\",\"Pharmaindustrie\"],\"articleSection\":[\"Jahr 2011 Band 45\",\"Monat 4\"],\"inLanguage\":\"de\"},{\"@type\":\"WebPage\",\"@id\":\"https:\\\/\\\/www.der-arzneimittelbrief.de\\\/nachrichten\\\/ueberlaeufer-ema-chef-geht-zur-industrie\\\/\",\"url\":\"https:\\\/\\\/www.der-arzneimittelbrief.de\\\/nachrichten\\\/ueberlaeufer-ema-chef-geht-zur-industrie\\\/\",\"name\":\"\u00dcberl\u00e4ufer: EMA-Chef geht zur Industrie\",\"isPartOf\":{\"@id\":\"https:\\\/\\\/www.der-arzneimittelbrief.de\\\/nachrichten\\\/#website\"},\"primaryImageOfPage\":{\"@id\":\"https:\\\/\\\/www.der-arzneimittelbrief.de\\\/nachrichten\\\/ueberlaeufer-ema-chef-geht-zur-industrie\\\/#primaryimage\"},\"image\":{\"@id\":\"https:\\\/\\\/www.der-arzneimittelbrief.de\\\/nachrichten\\\/ueberlaeufer-ema-chef-geht-zur-industrie\\\/#primaryimage\"},\"thumbnailUrl\":\"http:\\\/\\\/www.der-arzneimittelbrief.de\\\/_images\\\/link.jpeg\",\"datePublished\":\"2014-03-19T17:55:12+00:00\",\"author\":{\"@id\":\"https:\\\/\\\/www.der-arzneimittelbrief.de\\\/nachrichten\\\/#\\\/schema\\\/person\\\/2e7981c97826a4941311e607c145d937\"},\"description\":\"Die europ\u00e4ische Beh\u00f6rde EMA l\u00e4sst viele Medikamente zu, die auch in Deutschland verkauft werden ...\",\"breadcrumb\":{\"@id\":\"https:\\\/\\\/www.der-arzneimittelbrief.de\\\/nachrichten\\\/ueberlaeufer-ema-chef-geht-zur-industrie\\\/#breadcrumb\"},\"inLanguage\":\"de\",\"potentialAction\":[{\"@type\":\"ReadAction\",\"target\":[\"https:\\\/\\\/www.der-arzneimittelbrief.de\\\/nachrichten\\\/ueberlaeufer-ema-chef-geht-zur-industrie\\\/\"]}]},{\"@type\":\"ImageObject\",\"inLanguage\":\"de\",\"@id\":\"https:\\\/\\\/www.der-arzneimittelbrief.de\\\/nachrichten\\\/ueberlaeufer-ema-chef-geht-zur-industrie\\\/#primaryimage\",\"url\":\"http:\\\/\\\/www.der-arzneimittelbrief.de\\\/_images\\\/link.jpeg\",\"contentUrl\":\"http:\\\/\\\/www.der-arzneimittelbrief.de\\\/_images\\\/link.jpeg\"},{\"@type\":\"BreadcrumbList\",\"@id\":\"https:\\\/\\\/www.der-arzneimittelbrief.de\\\/nachrichten\\\/ueberlaeufer-ema-chef-geht-zur-industrie\\\/#breadcrumb\",\"itemListElement\":[{\"@type\":\"ListItem\",\"position\":1,\"name\":\"Start\",\"item\":\"https:\\\/\\\/www.der-arzneimittelbrief.de\\\/nachrichten\\\/\"},{\"@type\":\"ListItem\",\"position\":2,\"name\":\"\u00dcberl\u00e4ufer: EMA-Chef geht zur Industrie\"}]},{\"@type\":\"WebSite\",\"@id\":\"https:\\\/\\\/www.der-arzneimittelbrief.de\\\/nachrichten\\\/#website\",\"url\":\"https:\\\/\\\/www.der-arzneimittelbrief.de\\\/nachrichten\\\/\",\"name\":\"Der Arzneimittelbrief\",\"description\":\"Unabh\u00e4ngige Arzneimittelinformationen\",\"potentialAction\":[{\"@type\":\"SearchAction\",\"target\":{\"@type\":\"EntryPoint\",\"urlTemplate\":\"https:\\\/\\\/www.der-arzneimittelbrief.de\\\/nachrichten\\\/?s={search_term_string}\"},\"query-input\":{\"@type\":\"PropertyValueSpecification\",\"valueRequired\":true,\"valueName\":\"search_term_string\"}}],\"inLanguage\":\"de\"},{\"@type\":\"Person\",\"@id\":\"https:\\\/\\\/www.der-arzneimittelbrief.de\\\/nachrichten\\\/#\\\/schema\\\/person\\\/2e7981c97826a4941311e607c145d937\",\"name\":\"henk-amb\",\"image\":{\"@type\":\"ImageObject\",\"inLanguage\":\"de\",\"@id\":\"https:\\\/\\\/secure.gravatar.com\\\/avatar\\\/314c85e3c5c37749a415d1df0e5fe7642768dd0d2f48f8a4fea70eae9b7499fc?s=96&d=mm&r=g\",\"url\":\"https:\\\/\\\/secure.gravatar.com\\\/avatar\\\/314c85e3c5c37749a415d1df0e5fe7642768dd0d2f48f8a4fea70eae9b7499fc?s=96&d=mm&r=g\",\"contentUrl\":\"https:\\\/\\\/secure.gravatar.com\\\/avatar\\\/314c85e3c5c37749a415d1df0e5fe7642768dd0d2f48f8a4fea70eae9b7499fc?s=96&d=mm&r=g\",\"caption\":\"henk-amb\"}}]}<\/script>\n<!-- \/ Yoast SEO plugin. -->","yoast_head_json":{"title":"\u00dcberl\u00e4ufer: EMA-Chef geht zur Industrie","description":"Die europ\u00e4ische Beh\u00f6rde EMA l\u00e4sst viele Medikamente zu, die auch in Deutschland verkauft werden ...","robots":{"index":"index","follow":"follow","max-snippet":"max-snippet:-1","max-image-preview":"max-image-preview:large","max-video-preview":"max-video-preview:-1"},"canonical":"https:\/\/www.der-arzneimittelbrief.de\/nachrichten\/ueberlaeufer-ema-chef-geht-zur-industrie\/","og_locale":"de_DE","og_type":"article","og_title":"\u00dcberl\u00e4ufer: EMA-Chef geht zur Industrie","og_description":"Die europ\u00e4ische Beh\u00f6rde EMA l\u00e4sst viele Medikamente zu, die auch in Deutschland verkauft werden ...","og_url":"https:\/\/www.der-arzneimittelbrief.de\/nachrichten\/ueberlaeufer-ema-chef-geht-zur-industrie\/","og_site_name":"Der Arzneimittelbrief","article_publisher":"http:\/\/www.facebook.com\/derarzneimittelbrief.de","article_published_time":"2014-03-19T17:55:12+00:00","og_image":[{"url":"http:\/\/www.der-arzneimittelbrief.de\/_images\/link.jpeg","type":"","width":"","height":""}],"author":"henk-amb","twitter_misc":{"Verfasst von":"henk-amb","Gesch\u00e4tzte Lesezeit":"2\u00a0Minuten"},"schema":{"@context":"https:\/\/schema.org","@graph":[{"@type":"Article","@id":"https:\/\/www.der-arzneimittelbrief.de\/nachrichten\/ueberlaeufer-ema-chef-geht-zur-industrie\/#article","isPartOf":{"@id":"https:\/\/www.der-arzneimittelbrief.de\/nachrichten\/ueberlaeufer-ema-chef-geht-zur-industrie\/"},"author":{"name":"henk-amb","@id":"https:\/\/www.der-arzneimittelbrief.de\/nachrichten\/#\/schema\/person\/2e7981c97826a4941311e607c145d937"},"headline":"\u00dcberl\u00e4ufer: EMA-Chef geht zur Industrie","datePublished":"2014-03-19T17:55:12+00:00","mainEntityOfPage":{"@id":"https:\/\/www.der-arzneimittelbrief.de\/nachrichten\/ueberlaeufer-ema-chef-geht-zur-industrie\/"},"wordCount":477,"image":{"@id":"https:\/\/www.der-arzneimittelbrief.de\/nachrichten\/ueberlaeufer-ema-chef-geht-zur-industrie\/#primaryimage"},"thumbnailUrl":"http:\/\/www.der-arzneimittelbrief.de\/_images\/link.jpeg","keywords":["EMA","Europ\u00e4ische Arzneimittel-Agentur","L\u00f6nngren","Pharmaindustrie"],"articleSection":["Jahr 2011 Band 45","Monat 4"],"inLanguage":"de"},{"@type":"WebPage","@id":"https:\/\/www.der-arzneimittelbrief.de\/nachrichten\/ueberlaeufer-ema-chef-geht-zur-industrie\/","url":"https:\/\/www.der-arzneimittelbrief.de\/nachrichten\/ueberlaeufer-ema-chef-geht-zur-industrie\/","name":"\u00dcberl\u00e4ufer: EMA-Chef geht zur Industrie","isPartOf":{"@id":"https:\/\/www.der-arzneimittelbrief.de\/nachrichten\/#website"},"primaryImageOfPage":{"@id":"https:\/\/www.der-arzneimittelbrief.de\/nachrichten\/ueberlaeufer-ema-chef-geht-zur-industrie\/#primaryimage"},"image":{"@id":"https:\/\/www.der-arzneimittelbrief.de\/nachrichten\/ueberlaeufer-ema-chef-geht-zur-industrie\/#primaryimage"},"thumbnailUrl":"http:\/\/www.der-arzneimittelbrief.de\/_images\/link.jpeg","datePublished":"2014-03-19T17:55:12+00:00","author":{"@id":"https:\/\/www.der-arzneimittelbrief.de\/nachrichten\/#\/schema\/person\/2e7981c97826a4941311e607c145d937"},"description":"Die europ\u00e4ische Beh\u00f6rde EMA l\u00e4sst viele Medikamente zu, die auch in Deutschland verkauft werden ...","breadcrumb":{"@id":"https:\/\/www.der-arzneimittelbrief.de\/nachrichten\/ueberlaeufer-ema-chef-geht-zur-industrie\/#breadcrumb"},"inLanguage":"de","potentialAction":[{"@type":"ReadAction","target":["https:\/\/www.der-arzneimittelbrief.de\/nachrichten\/ueberlaeufer-ema-chef-geht-zur-industrie\/"]}]},{"@type":"ImageObject","inLanguage":"de","@id":"https:\/\/www.der-arzneimittelbrief.de\/nachrichten\/ueberlaeufer-ema-chef-geht-zur-industrie\/#primaryimage","url":"http:\/\/www.der-arzneimittelbrief.de\/_images\/link.jpeg","contentUrl":"http:\/\/www.der-arzneimittelbrief.de\/_images\/link.jpeg"},{"@type":"BreadcrumbList","@id":"https:\/\/www.der-arzneimittelbrief.de\/nachrichten\/ueberlaeufer-ema-chef-geht-zur-industrie\/#breadcrumb","itemListElement":[{"@type":"ListItem","position":1,"name":"Start","item":"https:\/\/www.der-arzneimittelbrief.de\/nachrichten\/"},{"@type":"ListItem","position":2,"name":"\u00dcberl\u00e4ufer: EMA-Chef geht zur Industrie"}]},{"@type":"WebSite","@id":"https:\/\/www.der-arzneimittelbrief.de\/nachrichten\/#website","url":"https:\/\/www.der-arzneimittelbrief.de\/nachrichten\/","name":"Der Arzneimittelbrief","description":"Unabh\u00e4ngige Arzneimittelinformationen","potentialAction":[{"@type":"SearchAction","target":{"@type":"EntryPoint","urlTemplate":"https:\/\/www.der-arzneimittelbrief.de\/nachrichten\/?s={search_term_string}"},"query-input":{"@type":"PropertyValueSpecification","valueRequired":true,"valueName":"search_term_string"}}],"inLanguage":"de"},{"@type":"Person","@id":"https:\/\/www.der-arzneimittelbrief.de\/nachrichten\/#\/schema\/person\/2e7981c97826a4941311e607c145d937","name":"henk-amb","image":{"@type":"ImageObject","inLanguage":"de","@id":"https:\/\/secure.gravatar.com\/avatar\/314c85e3c5c37749a415d1df0e5fe7642768dd0d2f48f8a4fea70eae9b7499fc?s=96&d=mm&r=g","url":"https:\/\/secure.gravatar.com\/avatar\/314c85e3c5c37749a415d1df0e5fe7642768dd0d2f48f8a4fea70eae9b7499fc?s=96&d=mm&r=g","contentUrl":"https:\/\/secure.gravatar.com\/avatar\/314c85e3c5c37749a415d1df0e5fe7642768dd0d2f48f8a4fea70eae9b7499fc?s=96&d=mm&r=g","caption":"henk-amb"}}]}},"_links":{"self":[{"href":"https:\/\/www.der-arzneimittelbrief.de\/nachrichten\/api\/wp\/v2\/posts\/1814","targetHints":{"allow":["GET"]}}],"collection":[{"href":"https:\/\/www.der-arzneimittelbrief.de\/nachrichten\/api\/wp\/v2\/posts"}],"about":[{"href":"https:\/\/www.der-arzneimittelbrief.de\/nachrichten\/api\/wp\/v2\/types\/post"}],"author":[{"embeddable":true,"href":"https:\/\/www.der-arzneimittelbrief.de\/nachrichten\/api\/wp\/v2\/users\/5"}],"replies":[{"embeddable":true,"href":"https:\/\/www.der-arzneimittelbrief.de\/nachrichten\/api\/wp\/v2\/comments?post=1814"}],"version-history":[{"count":1,"href":"https:\/\/www.der-arzneimittelbrief.de\/nachrichten\/api\/wp\/v2\/posts\/1814\/revisions"}],"predecessor-version":[{"id":1815,"href":"https:\/\/www.der-arzneimittelbrief.de\/nachrichten\/api\/wp\/v2\/posts\/1814\/revisions\/1815"}],"wp:attachment":[{"href":"https:\/\/www.der-arzneimittelbrief.de\/nachrichten\/api\/wp\/v2\/media?parent=1814"}],"wp:term":[{"taxonomy":"category","embeddable":true,"href":"https:\/\/www.der-arzneimittelbrief.de\/nachrichten\/api\/wp\/v2\/categories?post=1814"},{"taxonomy":"post_tag","embeddable":true,"href":"https:\/\/www.der-arzneimittelbrief.de\/nachrichten\/api\/wp\/v2\/tags?post=1814"}],"curies":[{"name":"wp","href":"https:\/\/api.w.org\/{rel}","templated":true}]}}