{"id":3077,"date":"2015-03-21T10:44:04","date_gmt":"2015-03-21T10:44:04","guid":{"rendered":"http:\/\/www.der-arzneimittelbrief.de\/nachrichten\/?p=3077"},"modified":"2015-03-15T10:44:28","modified_gmt":"2015-03-15T10:44:28","slug":"vitamin-d-dosen-von-800-ietag-reduzieren-moeglicherweise-bei-aelteren-menschen-nicht-vertebrale-frakturen","status":"publish","type":"post","link":"https:\/\/www.der-arzneimittelbrief.de\/nachrichten\/vitamin-d-dosen-von-800-ietag-reduzieren-moeglicherweise-bei-aelteren-menschen-nicht-vertebrale-frakturen\/","title":{"rendered":"Vitamin-D-Dosen von = 800 IE\/Tag reduzieren m\u00f6glicherweise bei \u00e4lteren Menschen nicht-vertebrale Frakturen"},"content":{"rendered":"<p>AMB 2012, 46, 70 Vitamin-D-Dosen von = 800 IE\/Tag reduzieren m\u00f6glicherweise bei \u00e4lteren Menschen nicht-vertebrale Frakturen Erneut ist eine Metaanalyse zum Thema Einnahme von Vitamin\u00a0D (VD) zur Pr\u00e4vention von Frakturen erschienen (1). Wir haben zuletzt im Jahr 2008 \u00fcber dieses Thema einschlie\u00dflich Subgruppenanalysen referiert (2). Frau Bischoff-Ferrari aus Z\u00fcrich, zusammen mit 16 internationalen Ko-Autoren, re-evaluierte [&hellip;]<\/p>\n","protected":false},"excerpt":{"rendered":"<p>AMB 2012, 46, 70 Vitamin-D-Dosen von = 800 IE\/Tag reduzieren m\u00f6glicherweise bei \u00e4lteren Menschen nicht-vertebrale Frakturen Erneut ist eine Metaanalyse zum Thema Einnahme von Vitamin\u00a0D (VD) zur Pr\u00e4vention von Frakturen erschienen (1). Wir haben zuletzt im Jahr 2008 \u00fcber dieses Thema einschlie\u00dflich Subgruppenanalysen referiert (2). Frau Bischoff-Ferrari aus Z\u00fcrich, zusammen mit 16 internationalen Ko-Autoren, re-evaluierte [&hellip;]<\/p>\n","protected":false},"author":5,"featured_media":0,"comment_status":"closed","ping_status":"open","sticky":false,"template":"","format":"standard","meta":{"_editorskit_title_hidden":false,"_editorskit_reading_time":0,"_editorskit_is_block_options_detached":false,"_editorskit_block_options_position":"{}","footnotes":""},"categories":[1],"tags":[542,1104,756,395],"class_list":["post-3077","post","type-post","status-publish","format-standard","hentry","category-allgemein","tag-frakturen","tag-kalzium","tag-osteoporose","tag-vitamin-d"],"yoast_head":"<!-- This site is optimized with the Yoast SEO plugin v27.3 - https:\/\/yoast.com\/product\/yoast-seo-wordpress\/ -->\n<title>Vitamin-D-Dosen von = 800 IE\/Tag reduzieren m\u00f6glicherweise bei \u00e4lteren Menschen nicht-vertebrale Frakturen<\/title>\n<meta name=\"description\" content=\"Vitamin-D-Dosen von = 800 IE\/Tag reduzieren m\u00f6glicherweise bei \u00e4lteren Menschen nicht-vertebrale Frakturen - UNABH\u00c4NGIGE ARZNEIMITTELINFORMATIONEN hier klicken --&gt;\" \/>\n<meta name=\"robots\" content=\"index, follow, max-snippet:-1, max-image-preview:large, max-video-preview:-1\" \/>\n<link rel=\"canonical\" href=\"https:\/\/www.der-arzneimittelbrief.de\/nachrichten\/vitamin-d-dosen-von-800-ietag-reduzieren-moeglicherweise-bei-aelteren-menschen-nicht-vertebrale-frakturen\/\" \/>\n<meta property=\"og:locale\" content=\"de_DE\" \/>\n<meta property=\"og:type\" content=\"article\" \/>\n<meta property=\"og:title\" content=\"Vitamin-D-Dosen von = 800 IE\/Tag reduzieren m\u00f6glicherweise bei \u00e4lteren Menschen nicht-vertebrale Frakturen\" \/>\n<meta property=\"og:description\" content=\"Vitamin-D-Dosen von = 800 IE\/Tag reduzieren m\u00f6glicherweise bei \u00e4lteren Menschen nicht-vertebrale Frakturen - UNABH\u00c4NGIGE ARZNEIMITTELINFORMATIONEN hier klicken --&gt;\" \/>\n<meta property=\"og:url\" content=\"https:\/\/www.der-arzneimittelbrief.de\/nachrichten\/vitamin-d-dosen-von-800-ietag-reduzieren-moeglicherweise-bei-aelteren-menschen-nicht-vertebrale-frakturen\/\" \/>\n<meta property=\"og:site_name\" content=\"Der Arzneimittelbrief\" \/>\n<meta property=\"article:publisher\" content=\"http:\/\/www.facebook.com\/derarzneimittelbrief.de\" \/>\n<meta property=\"article:published_time\" content=\"2015-03-21T10:44:04+00:00\" \/>\n<meta property=\"og:image\" content=\"http:\/\/www.der-arzneimittelbrief.de\/_images\/link.jpeg\" \/>\n<meta name=\"author\" content=\"henk-amb\" \/>\n<meta name=\"twitter:label1\" content=\"Verfasst von\" \/>\n\t<meta name=\"twitter:data1\" content=\"henk-amb\" \/>\n\t<meta name=\"twitter:label2\" content=\"Gesch\u00e4tzte Lesezeit\" \/>\n\t<meta name=\"twitter:data2\" content=\"5\u00a0Minuten\" \/>\n<script type=\"application\/ld+json\" class=\"yoast-schema-graph\">{\"@context\":\"https:\\\/\\\/schema.org\",\"@graph\":[{\"@type\":\"Article\",\"@id\":\"https:\\\/\\\/www.der-arzneimittelbrief.de\\\/nachrichten\\\/vitamin-d-dosen-von-800-ietag-reduzieren-moeglicherweise-bei-aelteren-menschen-nicht-vertebrale-frakturen\\\/#article\",\"isPartOf\":{\"@id\":\"https:\\\/\\\/www.der-arzneimittelbrief.de\\\/nachrichten\\\/vitamin-d-dosen-von-800-ietag-reduzieren-moeglicherweise-bei-aelteren-menschen-nicht-vertebrale-frakturen\\\/\"},\"author\":{\"name\":\"henk-amb\",\"@id\":\"https:\\\/\\\/www.der-arzneimittelbrief.de\\\/nachrichten\\\/#\\\/schema\\\/person\\\/2e7981c97826a4941311e607c145d937\"},\"headline\":\"Vitamin-D-Dosen von = 800 IE\\\/Tag reduzieren m\u00f6glicherweise bei \u00e4lteren Menschen nicht-vertebrale Frakturen\",\"datePublished\":\"2015-03-21T10:44:04+00:00\",\"mainEntityOfPage\":{\"@id\":\"https:\\\/\\\/www.der-arzneimittelbrief.de\\\/nachrichten\\\/vitamin-d-dosen-von-800-ietag-reduzieren-moeglicherweise-bei-aelteren-menschen-nicht-vertebrale-frakturen\\\/\"},\"wordCount\":1023,\"image\":{\"@id\":\"https:\\\/\\\/www.der-arzneimittelbrief.de\\\/nachrichten\\\/vitamin-d-dosen-von-800-ietag-reduzieren-moeglicherweise-bei-aelteren-menschen-nicht-vertebrale-frakturen\\\/#primaryimage\"},\"thumbnailUrl\":\"http:\\\/\\\/www.der-arzneimittelbrief.de\\\/_images\\\/link.jpeg\",\"keywords\":[\"Frakturen\",\"Kalzium\",\"Osteoporose\",\"Vitamin D\"],\"inLanguage\":\"de\"},{\"@type\":\"WebPage\",\"@id\":\"https:\\\/\\\/www.der-arzneimittelbrief.de\\\/nachrichten\\\/vitamin-d-dosen-von-800-ietag-reduzieren-moeglicherweise-bei-aelteren-menschen-nicht-vertebrale-frakturen\\\/\",\"url\":\"https:\\\/\\\/www.der-arzneimittelbrief.de\\\/nachrichten\\\/vitamin-d-dosen-von-800-ietag-reduzieren-moeglicherweise-bei-aelteren-menschen-nicht-vertebrale-frakturen\\\/\",\"name\":\"Vitamin-D-Dosen von = 800 IE\\\/Tag reduzieren m\u00f6glicherweise bei \u00e4lteren Menschen nicht-vertebrale Frakturen\",\"isPartOf\":{\"@id\":\"https:\\\/\\\/www.der-arzneimittelbrief.de\\\/nachrichten\\\/#website\"},\"primaryImageOfPage\":{\"@id\":\"https:\\\/\\\/www.der-arzneimittelbrief.de\\\/nachrichten\\\/vitamin-d-dosen-von-800-ietag-reduzieren-moeglicherweise-bei-aelteren-menschen-nicht-vertebrale-frakturen\\\/#primaryimage\"},\"image\":{\"@id\":\"https:\\\/\\\/www.der-arzneimittelbrief.de\\\/nachrichten\\\/vitamin-d-dosen-von-800-ietag-reduzieren-moeglicherweise-bei-aelteren-menschen-nicht-vertebrale-frakturen\\\/#primaryimage\"},\"thumbnailUrl\":\"http:\\\/\\\/www.der-arzneimittelbrief.de\\\/_images\\\/link.jpeg\",\"datePublished\":\"2015-03-21T10:44:04+00:00\",\"author\":{\"@id\":\"https:\\\/\\\/www.der-arzneimittelbrief.de\\\/nachrichten\\\/#\\\/schema\\\/person\\\/2e7981c97826a4941311e607c145d937\"},\"description\":\"Vitamin-D-Dosen von = 800 IE\\\/Tag reduzieren m\u00f6glicherweise bei \u00e4lteren Menschen nicht-vertebrale Frakturen - UNABH\u00c4NGIGE ARZNEIMITTELINFORMATIONEN hier klicken -->\",\"breadcrumb\":{\"@id\":\"https:\\\/\\\/www.der-arzneimittelbrief.de\\\/nachrichten\\\/vitamin-d-dosen-von-800-ietag-reduzieren-moeglicherweise-bei-aelteren-menschen-nicht-vertebrale-frakturen\\\/#breadcrumb\"},\"inLanguage\":\"de\",\"potentialAction\":[{\"@type\":\"ReadAction\",\"target\":[\"https:\\\/\\\/www.der-arzneimittelbrief.de\\\/nachrichten\\\/vitamin-d-dosen-von-800-ietag-reduzieren-moeglicherweise-bei-aelteren-menschen-nicht-vertebrale-frakturen\\\/\"]}]},{\"@type\":\"ImageObject\",\"inLanguage\":\"de\",\"@id\":\"https:\\\/\\\/www.der-arzneimittelbrief.de\\\/nachrichten\\\/vitamin-d-dosen-von-800-ietag-reduzieren-moeglicherweise-bei-aelteren-menschen-nicht-vertebrale-frakturen\\\/#primaryimage\",\"url\":\"http:\\\/\\\/www.der-arzneimittelbrief.de\\\/_images\\\/link.jpeg\",\"contentUrl\":\"http:\\\/\\\/www.der-arzneimittelbrief.de\\\/_images\\\/link.jpeg\"},{\"@type\":\"BreadcrumbList\",\"@id\":\"https:\\\/\\\/www.der-arzneimittelbrief.de\\\/nachrichten\\\/vitamin-d-dosen-von-800-ietag-reduzieren-moeglicherweise-bei-aelteren-menschen-nicht-vertebrale-frakturen\\\/#breadcrumb\",\"itemListElement\":[{\"@type\":\"ListItem\",\"position\":1,\"name\":\"Start\",\"item\":\"https:\\\/\\\/www.der-arzneimittelbrief.de\\\/nachrichten\\\/\"},{\"@type\":\"ListItem\",\"position\":2,\"name\":\"Vitamin-D-Dosen von = 800 IE\\\/Tag reduzieren m\u00f6glicherweise bei \u00e4lteren Menschen nicht-vertebrale Frakturen\"}]},{\"@type\":\"WebSite\",\"@id\":\"https:\\\/\\\/www.der-arzneimittelbrief.de\\\/nachrichten\\\/#website\",\"url\":\"https:\\\/\\\/www.der-arzneimittelbrief.de\\\/nachrichten\\\/\",\"name\":\"Der Arzneimittelbrief\",\"description\":\"Unabh\u00e4ngige Arzneimittelinformationen\",\"potentialAction\":[{\"@type\":\"SearchAction\",\"target\":{\"@type\":\"EntryPoint\",\"urlTemplate\":\"https:\\\/\\\/www.der-arzneimittelbrief.de\\\/nachrichten\\\/?s={search_term_string}\"},\"query-input\":{\"@type\":\"PropertyValueSpecification\",\"valueRequired\":true,\"valueName\":\"search_term_string\"}}],\"inLanguage\":\"de\"},{\"@type\":\"Person\",\"@id\":\"https:\\\/\\\/www.der-arzneimittelbrief.de\\\/nachrichten\\\/#\\\/schema\\\/person\\\/2e7981c97826a4941311e607c145d937\",\"name\":\"henk-amb\",\"image\":{\"@type\":\"ImageObject\",\"inLanguage\":\"de\",\"@id\":\"https:\\\/\\\/secure.gravatar.com\\\/avatar\\\/314c85e3c5c37749a415d1df0e5fe7642768dd0d2f48f8a4fea70eae9b7499fc?s=96&d=mm&r=g\",\"url\":\"https:\\\/\\\/secure.gravatar.com\\\/avatar\\\/314c85e3c5c37749a415d1df0e5fe7642768dd0d2f48f8a4fea70eae9b7499fc?s=96&d=mm&r=g\",\"contentUrl\":\"https:\\\/\\\/secure.gravatar.com\\\/avatar\\\/314c85e3c5c37749a415d1df0e5fe7642768dd0d2f48f8a4fea70eae9b7499fc?s=96&d=mm&r=g\",\"caption\":\"henk-amb\"}}]}<\/script>\n<!-- \/ Yoast SEO plugin. -->","yoast_head_json":{"title":"Vitamin-D-Dosen von = 800 IE\/Tag reduzieren m\u00f6glicherweise bei \u00e4lteren Menschen nicht-vertebrale Frakturen","description":"Vitamin-D-Dosen von = 800 IE\/Tag reduzieren m\u00f6glicherweise bei \u00e4lteren Menschen nicht-vertebrale Frakturen - UNABH\u00c4NGIGE ARZNEIMITTELINFORMATIONEN hier klicken -->","robots":{"index":"index","follow":"follow","max-snippet":"max-snippet:-1","max-image-preview":"max-image-preview:large","max-video-preview":"max-video-preview:-1"},"canonical":"https:\/\/www.der-arzneimittelbrief.de\/nachrichten\/vitamin-d-dosen-von-800-ietag-reduzieren-moeglicherweise-bei-aelteren-menschen-nicht-vertebrale-frakturen\/","og_locale":"de_DE","og_type":"article","og_title":"Vitamin-D-Dosen von = 800 IE\/Tag reduzieren m\u00f6glicherweise bei \u00e4lteren Menschen nicht-vertebrale Frakturen","og_description":"Vitamin-D-Dosen von = 800 IE\/Tag reduzieren m\u00f6glicherweise bei \u00e4lteren Menschen nicht-vertebrale Frakturen - UNABH\u00c4NGIGE ARZNEIMITTELINFORMATIONEN hier klicken -->","og_url":"https:\/\/www.der-arzneimittelbrief.de\/nachrichten\/vitamin-d-dosen-von-800-ietag-reduzieren-moeglicherweise-bei-aelteren-menschen-nicht-vertebrale-frakturen\/","og_site_name":"Der Arzneimittelbrief","article_publisher":"http:\/\/www.facebook.com\/derarzneimittelbrief.de","article_published_time":"2015-03-21T10:44:04+00:00","og_image":[{"url":"http:\/\/www.der-arzneimittelbrief.de\/_images\/link.jpeg","type":"","width":"","height":""}],"author":"henk-amb","twitter_misc":{"Verfasst von":"henk-amb","Gesch\u00e4tzte Lesezeit":"5\u00a0Minuten"},"schema":{"@context":"https:\/\/schema.org","@graph":[{"@type":"Article","@id":"https:\/\/www.der-arzneimittelbrief.de\/nachrichten\/vitamin-d-dosen-von-800-ietag-reduzieren-moeglicherweise-bei-aelteren-menschen-nicht-vertebrale-frakturen\/#article","isPartOf":{"@id":"https:\/\/www.der-arzneimittelbrief.de\/nachrichten\/vitamin-d-dosen-von-800-ietag-reduzieren-moeglicherweise-bei-aelteren-menschen-nicht-vertebrale-frakturen\/"},"author":{"name":"henk-amb","@id":"https:\/\/www.der-arzneimittelbrief.de\/nachrichten\/#\/schema\/person\/2e7981c97826a4941311e607c145d937"},"headline":"Vitamin-D-Dosen von = 800 IE\/Tag reduzieren m\u00f6glicherweise bei \u00e4lteren Menschen nicht-vertebrale Frakturen","datePublished":"2015-03-21T10:44:04+00:00","mainEntityOfPage":{"@id":"https:\/\/www.der-arzneimittelbrief.de\/nachrichten\/vitamin-d-dosen-von-800-ietag-reduzieren-moeglicherweise-bei-aelteren-menschen-nicht-vertebrale-frakturen\/"},"wordCount":1023,"image":{"@id":"https:\/\/www.der-arzneimittelbrief.de\/nachrichten\/vitamin-d-dosen-von-800-ietag-reduzieren-moeglicherweise-bei-aelteren-menschen-nicht-vertebrale-frakturen\/#primaryimage"},"thumbnailUrl":"http:\/\/www.der-arzneimittelbrief.de\/_images\/link.jpeg","keywords":["Frakturen","Kalzium","Osteoporose","Vitamin D"],"inLanguage":"de"},{"@type":"WebPage","@id":"https:\/\/www.der-arzneimittelbrief.de\/nachrichten\/vitamin-d-dosen-von-800-ietag-reduzieren-moeglicherweise-bei-aelteren-menschen-nicht-vertebrale-frakturen\/","url":"https:\/\/www.der-arzneimittelbrief.de\/nachrichten\/vitamin-d-dosen-von-800-ietag-reduzieren-moeglicherweise-bei-aelteren-menschen-nicht-vertebrale-frakturen\/","name":"Vitamin-D-Dosen von = 800 IE\/Tag reduzieren m\u00f6glicherweise bei \u00e4lteren Menschen nicht-vertebrale Frakturen","isPartOf":{"@id":"https:\/\/www.der-arzneimittelbrief.de\/nachrichten\/#website"},"primaryImageOfPage":{"@id":"https:\/\/www.der-arzneimittelbrief.de\/nachrichten\/vitamin-d-dosen-von-800-ietag-reduzieren-moeglicherweise-bei-aelteren-menschen-nicht-vertebrale-frakturen\/#primaryimage"},"image":{"@id":"https:\/\/www.der-arzneimittelbrief.de\/nachrichten\/vitamin-d-dosen-von-800-ietag-reduzieren-moeglicherweise-bei-aelteren-menschen-nicht-vertebrale-frakturen\/#primaryimage"},"thumbnailUrl":"http:\/\/www.der-arzneimittelbrief.de\/_images\/link.jpeg","datePublished":"2015-03-21T10:44:04+00:00","author":{"@id":"https:\/\/www.der-arzneimittelbrief.de\/nachrichten\/#\/schema\/person\/2e7981c97826a4941311e607c145d937"},"description":"Vitamin-D-Dosen von = 800 IE\/Tag reduzieren m\u00f6glicherweise bei \u00e4lteren Menschen nicht-vertebrale Frakturen - UNABH\u00c4NGIGE ARZNEIMITTELINFORMATIONEN hier klicken -->","breadcrumb":{"@id":"https:\/\/www.der-arzneimittelbrief.de\/nachrichten\/vitamin-d-dosen-von-800-ietag-reduzieren-moeglicherweise-bei-aelteren-menschen-nicht-vertebrale-frakturen\/#breadcrumb"},"inLanguage":"de","potentialAction":[{"@type":"ReadAction","target":["https:\/\/www.der-arzneimittelbrief.de\/nachrichten\/vitamin-d-dosen-von-800-ietag-reduzieren-moeglicherweise-bei-aelteren-menschen-nicht-vertebrale-frakturen\/"]}]},{"@type":"ImageObject","inLanguage":"de","@id":"https:\/\/www.der-arzneimittelbrief.de\/nachrichten\/vitamin-d-dosen-von-800-ietag-reduzieren-moeglicherweise-bei-aelteren-menschen-nicht-vertebrale-frakturen\/#primaryimage","url":"http:\/\/www.der-arzneimittelbrief.de\/_images\/link.jpeg","contentUrl":"http:\/\/www.der-arzneimittelbrief.de\/_images\/link.jpeg"},{"@type":"BreadcrumbList","@id":"https:\/\/www.der-arzneimittelbrief.de\/nachrichten\/vitamin-d-dosen-von-800-ietag-reduzieren-moeglicherweise-bei-aelteren-menschen-nicht-vertebrale-frakturen\/#breadcrumb","itemListElement":[{"@type":"ListItem","position":1,"name":"Start","item":"https:\/\/www.der-arzneimittelbrief.de\/nachrichten\/"},{"@type":"ListItem","position":2,"name":"Vitamin-D-Dosen von = 800 IE\/Tag reduzieren m\u00f6glicherweise bei \u00e4lteren Menschen nicht-vertebrale Frakturen"}]},{"@type":"WebSite","@id":"https:\/\/www.der-arzneimittelbrief.de\/nachrichten\/#website","url":"https:\/\/www.der-arzneimittelbrief.de\/nachrichten\/","name":"Der Arzneimittelbrief","description":"Unabh\u00e4ngige Arzneimittelinformationen","potentialAction":[{"@type":"SearchAction","target":{"@type":"EntryPoint","urlTemplate":"https:\/\/www.der-arzneimittelbrief.de\/nachrichten\/?s={search_term_string}"},"query-input":{"@type":"PropertyValueSpecification","valueRequired":true,"valueName":"search_term_string"}}],"inLanguage":"de"},{"@type":"Person","@id":"https:\/\/www.der-arzneimittelbrief.de\/nachrichten\/#\/schema\/person\/2e7981c97826a4941311e607c145d937","name":"henk-amb","image":{"@type":"ImageObject","inLanguage":"de","@id":"https:\/\/secure.gravatar.com\/avatar\/314c85e3c5c37749a415d1df0e5fe7642768dd0d2f48f8a4fea70eae9b7499fc?s=96&d=mm&r=g","url":"https:\/\/secure.gravatar.com\/avatar\/314c85e3c5c37749a415d1df0e5fe7642768dd0d2f48f8a4fea70eae9b7499fc?s=96&d=mm&r=g","contentUrl":"https:\/\/secure.gravatar.com\/avatar\/314c85e3c5c37749a415d1df0e5fe7642768dd0d2f48f8a4fea70eae9b7499fc?s=96&d=mm&r=g","caption":"henk-amb"}}]}},"_links":{"self":[{"href":"https:\/\/www.der-arzneimittelbrief.de\/nachrichten\/api\/wp\/v2\/posts\/3077","targetHints":{"allow":["GET"]}}],"collection":[{"href":"https:\/\/www.der-arzneimittelbrief.de\/nachrichten\/api\/wp\/v2\/posts"}],"about":[{"href":"https:\/\/www.der-arzneimittelbrief.de\/nachrichten\/api\/wp\/v2\/types\/post"}],"author":[{"embeddable":true,"href":"https:\/\/www.der-arzneimittelbrief.de\/nachrichten\/api\/wp\/v2\/users\/5"}],"replies":[{"embeddable":true,"href":"https:\/\/www.der-arzneimittelbrief.de\/nachrichten\/api\/wp\/v2\/comments?post=3077"}],"version-history":[{"count":1,"href":"https:\/\/www.der-arzneimittelbrief.de\/nachrichten\/api\/wp\/v2\/posts\/3077\/revisions"}],"predecessor-version":[{"id":3078,"href":"https:\/\/www.der-arzneimittelbrief.de\/nachrichten\/api\/wp\/v2\/posts\/3077\/revisions\/3078"}],"wp:attachment":[{"href":"https:\/\/www.der-arzneimittelbrief.de\/nachrichten\/api\/wp\/v2\/media?parent=3077"}],"wp:term":[{"taxonomy":"category","embeddable":true,"href":"https:\/\/www.der-arzneimittelbrief.de\/nachrichten\/api\/wp\/v2\/categories?post=3077"},{"taxonomy":"post_tag","embeddable":true,"href":"https:\/\/www.der-arzneimittelbrief.de\/nachrichten\/api\/wp\/v2\/tags?post=3077"}],"curies":[{"name":"wp","href":"https:\/\/api.w.org\/{rel}","templated":true}]}}