{"id":3178,"date":"2015-05-02T07:17:43","date_gmt":"2015-05-02T07:17:43","guid":{"rendered":"http:\/\/www.der-arzneimittelbrief.de\/nachrichten\/?p=3178"},"modified":"2015-04-26T07:18:31","modified_gmt":"2015-04-26T07:18:31","slug":"cholesterin-noch-staerker-senken-zur-bevorstehenden-markteinfuehrung-von-biopharmazeutika","status":"publish","type":"post","link":"https:\/\/www.der-arzneimittelbrief.de\/nachrichten\/cholesterin-noch-staerker-senken-zur-bevorstehenden-markteinfuehrung-von-biopharmazeutika\/","title":{"rendered":"Cholesterin noch st\u00e4rker senken? Zur bevorstehenden Markteinf\u00fchrung von Biopharmazeutika"},"content":{"rendered":"<p>AMB 2015, 49, 30 Cholesterin noch st\u00e4rker senken? Zur bevorstehenden Markteinf\u00fchrung von Biopharmazeutika Fazit:\u00a0Eigentlich sollten die PCSK9-Antik\u00f6rper nicht zugelassen werden bis klinische Endpunktdaten vorliegen. Bislang ist ja nur nachgewiesen, dass sie effektiv Laborwerte ver\u00e4ndern. Alles Weitere sind Erwartungen, die noch gekl\u00e4rt werden m\u00fcssen. Solange Langzeitbeobachtungen zu klinischen Wirkungen und zu Nebenwirkungen nicht vorliegen, kann nach [&hellip;]<\/p>\n","protected":false},"excerpt":{"rendered":"<p>AMB 2015, 49, 30 Cholesterin noch st\u00e4rker senken? Zur bevorstehenden Markteinf\u00fchrung von Biopharmazeutika Fazit:\u00a0Eigentlich sollten die PCSK9-Antik\u00f6rper nicht zugelassen werden bis klinische Endpunktdaten vorliegen. Bislang ist ja nur nachgewiesen, dass sie effektiv Laborwerte ver\u00e4ndern. Alles Weitere sind Erwartungen, die noch gekl\u00e4rt werden m\u00fcssen. Solange Langzeitbeobachtungen zu klinischen Wirkungen und zu Nebenwirkungen nicht vorliegen, kann nach [&hellip;]<\/p>\n","protected":false},"author":5,"featured_media":0,"comment_status":"closed","ping_status":"open","sticky":false,"template":"","format":"standard","meta":{"_editorskit_title_hidden":false,"_editorskit_reading_time":0,"_editorskit_is_block_options_detached":false,"_editorskit_block_options_position":"{}","footnotes":""},"categories":[1],"tags":[1906,236,1909,1907,238,1911,112,1503,1910,1908],"class_list":["post-3178","post","type-post","status-publish","format-standard","hentry","category-allgemein","tag-alirocumab","tag-cholesterin","tag-descartes-studie","tag-evolocumab","tag-hypercholesterinaemie","tag-ldl-cholesterin","tag-lipidsenker","tag-lipoprotein-a","tag-pcsk9","tag-pcsk9-antikoerper"],"yoast_head":"<!-- This site is optimized with the Yoast SEO plugin v27.3 - https:\/\/yoast.com\/product\/yoast-seo-wordpress\/ -->\n<title>Cholesterin noch st\u00e4rker senken? Zur bevorstehenden Markteinf\u00fchrung von Biopharmazeutika<\/title>\n<meta name=\"description\" content=\"Cholesterin noch st\u00e4rker senken? Zur bevorstehenden Markteinf\u00fchrung von Biopharmazeutika - UNABH\u00c4NGIGE ARZNEIMITTELINFORMATIONEN hier klicken --&gt;\" \/>\n<meta name=\"robots\" content=\"index, follow, max-snippet:-1, max-image-preview:large, max-video-preview:-1\" \/>\n<link rel=\"canonical\" href=\"https:\/\/www.der-arzneimittelbrief.de\/nachrichten\/cholesterin-noch-staerker-senken-zur-bevorstehenden-markteinfuehrung-von-biopharmazeutika\/\" \/>\n<meta property=\"og:locale\" content=\"de_DE\" \/>\n<meta property=\"og:type\" content=\"article\" \/>\n<meta property=\"og:title\" content=\"Cholesterin noch st\u00e4rker senken? Zur bevorstehenden Markteinf\u00fchrung von Biopharmazeutika\" \/>\n<meta property=\"og:description\" content=\"Cholesterin noch st\u00e4rker senken? Zur bevorstehenden Markteinf\u00fchrung von Biopharmazeutika - UNABH\u00c4NGIGE ARZNEIMITTELINFORMATIONEN hier klicken --&gt;\" \/>\n<meta property=\"og:url\" content=\"https:\/\/www.der-arzneimittelbrief.de\/nachrichten\/cholesterin-noch-staerker-senken-zur-bevorstehenden-markteinfuehrung-von-biopharmazeutika\/\" \/>\n<meta property=\"og:site_name\" content=\"Der Arzneimittelbrief\" \/>\n<meta property=\"article:publisher\" content=\"http:\/\/www.facebook.com\/derarzneimittelbrief.de\" \/>\n<meta property=\"article:published_time\" content=\"2015-05-02T07:17:43+00:00\" \/>\n<meta property=\"og:image\" content=\"http:\/\/www.der-arzneimittelbrief.de\/nachrichten\/wp-content\/uploads\/2014\/01\/GPSP_Banner_AMB_01_2013.jpg\" \/>\n<meta name=\"author\" content=\"henk-amb\" \/>\n<meta name=\"twitter:label1\" content=\"Verfasst von\" \/>\n\t<meta name=\"twitter:data1\" content=\"henk-amb\" \/>\n\t<meta name=\"twitter:label2\" content=\"Gesch\u00e4tzte Lesezeit\" \/>\n\t<meta name=\"twitter:data2\" content=\"2\u00a0Minuten\" \/>\n<script type=\"application\/ld+json\" class=\"yoast-schema-graph\">{\"@context\":\"https:\\\/\\\/schema.org\",\"@graph\":[{\"@type\":\"Article\",\"@id\":\"https:\\\/\\\/www.der-arzneimittelbrief.de\\\/nachrichten\\\/cholesterin-noch-staerker-senken-zur-bevorstehenden-markteinfuehrung-von-biopharmazeutika\\\/#article\",\"isPartOf\":{\"@id\":\"https:\\\/\\\/www.der-arzneimittelbrief.de\\\/nachrichten\\\/cholesterin-noch-staerker-senken-zur-bevorstehenden-markteinfuehrung-von-biopharmazeutika\\\/\"},\"author\":{\"name\":\"henk-amb\",\"@id\":\"https:\\\/\\\/www.der-arzneimittelbrief.de\\\/nachrichten\\\/#\\\/schema\\\/person\\\/2e7981c97826a4941311e607c145d937\"},\"headline\":\"Cholesterin noch st\u00e4rker senken? Zur bevorstehenden Markteinf\u00fchrung von Biopharmazeutika\",\"datePublished\":\"2015-05-02T07:17:43+00:00\",\"mainEntityOfPage\":{\"@id\":\"https:\\\/\\\/www.der-arzneimittelbrief.de\\\/nachrichten\\\/cholesterin-noch-staerker-senken-zur-bevorstehenden-markteinfuehrung-von-biopharmazeutika\\\/\"},\"wordCount\":399,\"image\":{\"@id\":\"https:\\\/\\\/www.der-arzneimittelbrief.de\\\/nachrichten\\\/cholesterin-noch-staerker-senken-zur-bevorstehenden-markteinfuehrung-von-biopharmazeutika\\\/#primaryimage\"},\"thumbnailUrl\":\"http:\\\/\\\/www.der-arzneimittelbrief.de\\\/nachrichten\\\/wp-content\\\/uploads\\\/2014\\\/01\\\/GPSP_Banner_AMB_01_2013.jpg\",\"keywords\":[\"Alirocumab\",\"Cholesterin\",\"DESCARTES-Studie\",\"Evolocumab\",\"Hypercholesterin\u00e4mie\",\"LDL-Cholesterin\",\"Lipidsenker\",\"Lipoprotein (a)\",\"PCSK9\",\"PCSK9-Antik\u00f6rper\"],\"inLanguage\":\"de\"},{\"@type\":\"WebPage\",\"@id\":\"https:\\\/\\\/www.der-arzneimittelbrief.de\\\/nachrichten\\\/cholesterin-noch-staerker-senken-zur-bevorstehenden-markteinfuehrung-von-biopharmazeutika\\\/\",\"url\":\"https:\\\/\\\/www.der-arzneimittelbrief.de\\\/nachrichten\\\/cholesterin-noch-staerker-senken-zur-bevorstehenden-markteinfuehrung-von-biopharmazeutika\\\/\",\"name\":\"Cholesterin noch st\u00e4rker senken? Zur bevorstehenden Markteinf\u00fchrung von Biopharmazeutika\",\"isPartOf\":{\"@id\":\"https:\\\/\\\/www.der-arzneimittelbrief.de\\\/nachrichten\\\/#website\"},\"primaryImageOfPage\":{\"@id\":\"https:\\\/\\\/www.der-arzneimittelbrief.de\\\/nachrichten\\\/cholesterin-noch-staerker-senken-zur-bevorstehenden-markteinfuehrung-von-biopharmazeutika\\\/#primaryimage\"},\"image\":{\"@id\":\"https:\\\/\\\/www.der-arzneimittelbrief.de\\\/nachrichten\\\/cholesterin-noch-staerker-senken-zur-bevorstehenden-markteinfuehrung-von-biopharmazeutika\\\/#primaryimage\"},\"thumbnailUrl\":\"http:\\\/\\\/www.der-arzneimittelbrief.de\\\/nachrichten\\\/wp-content\\\/uploads\\\/2014\\\/01\\\/GPSP_Banner_AMB_01_2013.jpg\",\"datePublished\":\"2015-05-02T07:17:43+00:00\",\"author\":{\"@id\":\"https:\\\/\\\/www.der-arzneimittelbrief.de\\\/nachrichten\\\/#\\\/schema\\\/person\\\/2e7981c97826a4941311e607c145d937\"},\"description\":\"Cholesterin noch st\u00e4rker senken? Zur bevorstehenden Markteinf\u00fchrung von Biopharmazeutika - UNABH\u00c4NGIGE ARZNEIMITTELINFORMATIONEN hier klicken -->\",\"breadcrumb\":{\"@id\":\"https:\\\/\\\/www.der-arzneimittelbrief.de\\\/nachrichten\\\/cholesterin-noch-staerker-senken-zur-bevorstehenden-markteinfuehrung-von-biopharmazeutika\\\/#breadcrumb\"},\"inLanguage\":\"de\",\"potentialAction\":[{\"@type\":\"ReadAction\",\"target\":[\"https:\\\/\\\/www.der-arzneimittelbrief.de\\\/nachrichten\\\/cholesterin-noch-staerker-senken-zur-bevorstehenden-markteinfuehrung-von-biopharmazeutika\\\/\"]}]},{\"@type\":\"ImageObject\",\"inLanguage\":\"de\",\"@id\":\"https:\\\/\\\/www.der-arzneimittelbrief.de\\\/nachrichten\\\/cholesterin-noch-staerker-senken-zur-bevorstehenden-markteinfuehrung-von-biopharmazeutika\\\/#primaryimage\",\"url\":\"http:\\\/\\\/www.der-arzneimittelbrief.de\\\/nachrichten\\\/wp-content\\\/uploads\\\/2014\\\/01\\\/GPSP_Banner_AMB_01_2013.jpg\",\"contentUrl\":\"http:\\\/\\\/www.der-arzneimittelbrief.de\\\/nachrichten\\\/wp-content\\\/uploads\\\/2014\\\/01\\\/GPSP_Banner_AMB_01_2013.jpg\"},{\"@type\":\"BreadcrumbList\",\"@id\":\"https:\\\/\\\/www.der-arzneimittelbrief.de\\\/nachrichten\\\/cholesterin-noch-staerker-senken-zur-bevorstehenden-markteinfuehrung-von-biopharmazeutika\\\/#breadcrumb\",\"itemListElement\":[{\"@type\":\"ListItem\",\"position\":1,\"name\":\"Start\",\"item\":\"https:\\\/\\\/www.der-arzneimittelbrief.de\\\/nachrichten\\\/\"},{\"@type\":\"ListItem\",\"position\":2,\"name\":\"Cholesterin noch st\u00e4rker senken? Zur bevorstehenden Markteinf\u00fchrung von Biopharmazeutika\"}]},{\"@type\":\"WebSite\",\"@id\":\"https:\\\/\\\/www.der-arzneimittelbrief.de\\\/nachrichten\\\/#website\",\"url\":\"https:\\\/\\\/www.der-arzneimittelbrief.de\\\/nachrichten\\\/\",\"name\":\"Der Arzneimittelbrief\",\"description\":\"Unabh\u00e4ngige Arzneimittelinformationen\",\"potentialAction\":[{\"@type\":\"SearchAction\",\"target\":{\"@type\":\"EntryPoint\",\"urlTemplate\":\"https:\\\/\\\/www.der-arzneimittelbrief.de\\\/nachrichten\\\/?s={search_term_string}\"},\"query-input\":{\"@type\":\"PropertyValueSpecification\",\"valueRequired\":true,\"valueName\":\"search_term_string\"}}],\"inLanguage\":\"de\"},{\"@type\":\"Person\",\"@id\":\"https:\\\/\\\/www.der-arzneimittelbrief.de\\\/nachrichten\\\/#\\\/schema\\\/person\\\/2e7981c97826a4941311e607c145d937\",\"name\":\"henk-amb\",\"image\":{\"@type\":\"ImageObject\",\"inLanguage\":\"de\",\"@id\":\"https:\\\/\\\/secure.gravatar.com\\\/avatar\\\/314c85e3c5c37749a415d1df0e5fe7642768dd0d2f48f8a4fea70eae9b7499fc?s=96&d=mm&r=g\",\"url\":\"https:\\\/\\\/secure.gravatar.com\\\/avatar\\\/314c85e3c5c37749a415d1df0e5fe7642768dd0d2f48f8a4fea70eae9b7499fc?s=96&d=mm&r=g\",\"contentUrl\":\"https:\\\/\\\/secure.gravatar.com\\\/avatar\\\/314c85e3c5c37749a415d1df0e5fe7642768dd0d2f48f8a4fea70eae9b7499fc?s=96&d=mm&r=g\",\"caption\":\"henk-amb\"}}]}<\/script>\n<!-- \/ Yoast SEO plugin. -->","yoast_head_json":{"title":"Cholesterin noch st\u00e4rker senken? Zur bevorstehenden Markteinf\u00fchrung von Biopharmazeutika","description":"Cholesterin noch st\u00e4rker senken? Zur bevorstehenden Markteinf\u00fchrung von Biopharmazeutika - UNABH\u00c4NGIGE ARZNEIMITTELINFORMATIONEN hier klicken -->","robots":{"index":"index","follow":"follow","max-snippet":"max-snippet:-1","max-image-preview":"max-image-preview:large","max-video-preview":"max-video-preview:-1"},"canonical":"https:\/\/www.der-arzneimittelbrief.de\/nachrichten\/cholesterin-noch-staerker-senken-zur-bevorstehenden-markteinfuehrung-von-biopharmazeutika\/","og_locale":"de_DE","og_type":"article","og_title":"Cholesterin noch st\u00e4rker senken? Zur bevorstehenden Markteinf\u00fchrung von Biopharmazeutika","og_description":"Cholesterin noch st\u00e4rker senken? Zur bevorstehenden Markteinf\u00fchrung von Biopharmazeutika - UNABH\u00c4NGIGE ARZNEIMITTELINFORMATIONEN hier klicken -->","og_url":"https:\/\/www.der-arzneimittelbrief.de\/nachrichten\/cholesterin-noch-staerker-senken-zur-bevorstehenden-markteinfuehrung-von-biopharmazeutika\/","og_site_name":"Der Arzneimittelbrief","article_publisher":"http:\/\/www.facebook.com\/derarzneimittelbrief.de","article_published_time":"2015-05-02T07:17:43+00:00","og_image":[{"url":"http:\/\/www.der-arzneimittelbrief.de\/nachrichten\/wp-content\/uploads\/2014\/01\/GPSP_Banner_AMB_01_2013.jpg","type":"","width":"","height":""}],"author":"henk-amb","twitter_misc":{"Verfasst von":"henk-amb","Gesch\u00e4tzte Lesezeit":"2\u00a0Minuten"},"schema":{"@context":"https:\/\/schema.org","@graph":[{"@type":"Article","@id":"https:\/\/www.der-arzneimittelbrief.de\/nachrichten\/cholesterin-noch-staerker-senken-zur-bevorstehenden-markteinfuehrung-von-biopharmazeutika\/#article","isPartOf":{"@id":"https:\/\/www.der-arzneimittelbrief.de\/nachrichten\/cholesterin-noch-staerker-senken-zur-bevorstehenden-markteinfuehrung-von-biopharmazeutika\/"},"author":{"name":"henk-amb","@id":"https:\/\/www.der-arzneimittelbrief.de\/nachrichten\/#\/schema\/person\/2e7981c97826a4941311e607c145d937"},"headline":"Cholesterin noch st\u00e4rker senken? Zur bevorstehenden Markteinf\u00fchrung von Biopharmazeutika","datePublished":"2015-05-02T07:17:43+00:00","mainEntityOfPage":{"@id":"https:\/\/www.der-arzneimittelbrief.de\/nachrichten\/cholesterin-noch-staerker-senken-zur-bevorstehenden-markteinfuehrung-von-biopharmazeutika\/"},"wordCount":399,"image":{"@id":"https:\/\/www.der-arzneimittelbrief.de\/nachrichten\/cholesterin-noch-staerker-senken-zur-bevorstehenden-markteinfuehrung-von-biopharmazeutika\/#primaryimage"},"thumbnailUrl":"http:\/\/www.der-arzneimittelbrief.de\/nachrichten\/wp-content\/uploads\/2014\/01\/GPSP_Banner_AMB_01_2013.jpg","keywords":["Alirocumab","Cholesterin","DESCARTES-Studie","Evolocumab","Hypercholesterin\u00e4mie","LDL-Cholesterin","Lipidsenker","Lipoprotein (a)","PCSK9","PCSK9-Antik\u00f6rper"],"inLanguage":"de"},{"@type":"WebPage","@id":"https:\/\/www.der-arzneimittelbrief.de\/nachrichten\/cholesterin-noch-staerker-senken-zur-bevorstehenden-markteinfuehrung-von-biopharmazeutika\/","url":"https:\/\/www.der-arzneimittelbrief.de\/nachrichten\/cholesterin-noch-staerker-senken-zur-bevorstehenden-markteinfuehrung-von-biopharmazeutika\/","name":"Cholesterin noch st\u00e4rker senken? Zur bevorstehenden Markteinf\u00fchrung von Biopharmazeutika","isPartOf":{"@id":"https:\/\/www.der-arzneimittelbrief.de\/nachrichten\/#website"},"primaryImageOfPage":{"@id":"https:\/\/www.der-arzneimittelbrief.de\/nachrichten\/cholesterin-noch-staerker-senken-zur-bevorstehenden-markteinfuehrung-von-biopharmazeutika\/#primaryimage"},"image":{"@id":"https:\/\/www.der-arzneimittelbrief.de\/nachrichten\/cholesterin-noch-staerker-senken-zur-bevorstehenden-markteinfuehrung-von-biopharmazeutika\/#primaryimage"},"thumbnailUrl":"http:\/\/www.der-arzneimittelbrief.de\/nachrichten\/wp-content\/uploads\/2014\/01\/GPSP_Banner_AMB_01_2013.jpg","datePublished":"2015-05-02T07:17:43+00:00","author":{"@id":"https:\/\/www.der-arzneimittelbrief.de\/nachrichten\/#\/schema\/person\/2e7981c97826a4941311e607c145d937"},"description":"Cholesterin noch st\u00e4rker senken? Zur bevorstehenden Markteinf\u00fchrung von Biopharmazeutika - UNABH\u00c4NGIGE ARZNEIMITTELINFORMATIONEN hier klicken -->","breadcrumb":{"@id":"https:\/\/www.der-arzneimittelbrief.de\/nachrichten\/cholesterin-noch-staerker-senken-zur-bevorstehenden-markteinfuehrung-von-biopharmazeutika\/#breadcrumb"},"inLanguage":"de","potentialAction":[{"@type":"ReadAction","target":["https:\/\/www.der-arzneimittelbrief.de\/nachrichten\/cholesterin-noch-staerker-senken-zur-bevorstehenden-markteinfuehrung-von-biopharmazeutika\/"]}]},{"@type":"ImageObject","inLanguage":"de","@id":"https:\/\/www.der-arzneimittelbrief.de\/nachrichten\/cholesterin-noch-staerker-senken-zur-bevorstehenden-markteinfuehrung-von-biopharmazeutika\/#primaryimage","url":"http:\/\/www.der-arzneimittelbrief.de\/nachrichten\/wp-content\/uploads\/2014\/01\/GPSP_Banner_AMB_01_2013.jpg","contentUrl":"http:\/\/www.der-arzneimittelbrief.de\/nachrichten\/wp-content\/uploads\/2014\/01\/GPSP_Banner_AMB_01_2013.jpg"},{"@type":"BreadcrumbList","@id":"https:\/\/www.der-arzneimittelbrief.de\/nachrichten\/cholesterin-noch-staerker-senken-zur-bevorstehenden-markteinfuehrung-von-biopharmazeutika\/#breadcrumb","itemListElement":[{"@type":"ListItem","position":1,"name":"Start","item":"https:\/\/www.der-arzneimittelbrief.de\/nachrichten\/"},{"@type":"ListItem","position":2,"name":"Cholesterin noch st\u00e4rker senken? Zur bevorstehenden Markteinf\u00fchrung von Biopharmazeutika"}]},{"@type":"WebSite","@id":"https:\/\/www.der-arzneimittelbrief.de\/nachrichten\/#website","url":"https:\/\/www.der-arzneimittelbrief.de\/nachrichten\/","name":"Der Arzneimittelbrief","description":"Unabh\u00e4ngige Arzneimittelinformationen","potentialAction":[{"@type":"SearchAction","target":{"@type":"EntryPoint","urlTemplate":"https:\/\/www.der-arzneimittelbrief.de\/nachrichten\/?s={search_term_string}"},"query-input":{"@type":"PropertyValueSpecification","valueRequired":true,"valueName":"search_term_string"}}],"inLanguage":"de"},{"@type":"Person","@id":"https:\/\/www.der-arzneimittelbrief.de\/nachrichten\/#\/schema\/person\/2e7981c97826a4941311e607c145d937","name":"henk-amb","image":{"@type":"ImageObject","inLanguage":"de","@id":"https:\/\/secure.gravatar.com\/avatar\/314c85e3c5c37749a415d1df0e5fe7642768dd0d2f48f8a4fea70eae9b7499fc?s=96&d=mm&r=g","url":"https:\/\/secure.gravatar.com\/avatar\/314c85e3c5c37749a415d1df0e5fe7642768dd0d2f48f8a4fea70eae9b7499fc?s=96&d=mm&r=g","contentUrl":"https:\/\/secure.gravatar.com\/avatar\/314c85e3c5c37749a415d1df0e5fe7642768dd0d2f48f8a4fea70eae9b7499fc?s=96&d=mm&r=g","caption":"henk-amb"}}]}},"_links":{"self":[{"href":"https:\/\/www.der-arzneimittelbrief.de\/nachrichten\/api\/wp\/v2\/posts\/3178","targetHints":{"allow":["GET"]}}],"collection":[{"href":"https:\/\/www.der-arzneimittelbrief.de\/nachrichten\/api\/wp\/v2\/posts"}],"about":[{"href":"https:\/\/www.der-arzneimittelbrief.de\/nachrichten\/api\/wp\/v2\/types\/post"}],"author":[{"embeddable":true,"href":"https:\/\/www.der-arzneimittelbrief.de\/nachrichten\/api\/wp\/v2\/users\/5"}],"replies":[{"embeddable":true,"href":"https:\/\/www.der-arzneimittelbrief.de\/nachrichten\/api\/wp\/v2\/comments?post=3178"}],"version-history":[{"count":3,"href":"https:\/\/www.der-arzneimittelbrief.de\/nachrichten\/api\/wp\/v2\/posts\/3178\/revisions"}],"predecessor-version":[{"id":3199,"href":"https:\/\/www.der-arzneimittelbrief.de\/nachrichten\/api\/wp\/v2\/posts\/3178\/revisions\/3199"}],"wp:attachment":[{"href":"https:\/\/www.der-arzneimittelbrief.de\/nachrichten\/api\/wp\/v2\/media?parent=3178"}],"wp:term":[{"taxonomy":"category","embeddable":true,"href":"https:\/\/www.der-arzneimittelbrief.de\/nachrichten\/api\/wp\/v2\/categories?post=3178"},{"taxonomy":"post_tag","embeddable":true,"href":"https:\/\/www.der-arzneimittelbrief.de\/nachrichten\/api\/wp\/v2\/tags?post=3178"}],"curies":[{"name":"wp","href":"https:\/\/api.w.org\/{rel}","templated":true}]}}