{"id":3511,"date":"2015-10-30T15:43:58","date_gmt":"2015-10-30T15:43:58","guid":{"rendered":"http:\/\/www.der-arzneimittelbrief.de\/nachrichten\/?p=3511"},"modified":"2015-10-30T15:43:58","modified_gmt":"2015-10-30T15:43:58","slug":"idebenon-bei-muskeldystrophie-duchenne","status":"publish","type":"post","link":"https:\/\/www.der-arzneimittelbrief.de\/nachrichten\/idebenon-bei-muskeldystrophie-duchenne\/","title":{"rendered":"Idebenon bei Muskeldystrophie Duchenne"},"content":{"rendered":"<p>AMB 2015, 49, 77 Idebenon bei Muskeldystrophie Duchenne Fazit: Eine kleine, methodisch problematische Studie weist darauf hin, dass das \u201eSuper CoQ10\u201c Idebenon bei Duchennescher Muskeldystrophie einen positiven Effekt auf die Lungenfunktion haben k\u00f6nnte. Diese Aussage gilt jedoch nur f\u00fcr Patienten ohne Behandlung mit einem Glukokortikosteroid, also f\u00fcr eine Minderheit, und darf nicht verallgemeinert werden. Das [&hellip;]<\/p>\n","protected":false},"excerpt":{"rendered":"<p>AMB 2015, 49, 77 Idebenon bei Muskeldystrophie Duchenne Fazit: Eine kleine, methodisch problematische Studie weist darauf hin, dass das \u201eSuper CoQ10\u201c Idebenon bei Duchennescher Muskeldystrophie einen positiven Effekt auf die Lungenfunktion haben k\u00f6nnte. Diese Aussage gilt jedoch nur f\u00fcr Patienten ohne Behandlung mit einem Glukokortikosteroid, also f\u00fcr eine Minderheit, und darf nicht verallgemeinert werden. Das [&hellip;]<\/p>\n","protected":false},"author":4,"featured_media":0,"comment_status":"closed","ping_status":"open","sticky":false,"template":"","format":"standard","meta":{"_editorskit_title_hidden":false,"_editorskit_reading_time":0,"_editorskit_is_block_options_detached":false,"_editorskit_block_options_position":"{}","footnotes":""},"categories":[1],"tags":[2177,2176,2174,2175,2173],"class_list":["post-3511","post","type-post","status-publish","format-standard","hentry","category-allgemein","tag-delos-studie","tag-duchenne","tag-idebenon","tag-muskeldystrophie","tag-muskeldystrophie-duchenne"],"yoast_head":"<!-- This site is optimized with the Yoast SEO plugin v27.3 - https:\/\/yoast.com\/product\/yoast-seo-wordpress\/ -->\n<title>Idebenon bei Muskeldystrophie Duchenne<\/title>\n<meta name=\"description\" content=\"Idebenon bei Muskeldystrophie Duchenne - UNABH\u00c4NGIGE ARZNEIMITTELINFORMATIONEN hier klicken --&gt;\" \/>\n<meta name=\"robots\" content=\"index, follow, max-snippet:-1, max-image-preview:large, max-video-preview:-1\" \/>\n<link rel=\"canonical\" href=\"https:\/\/www.der-arzneimittelbrief.de\/nachrichten\/idebenon-bei-muskeldystrophie-duchenne\/\" \/>\n<meta property=\"og:locale\" content=\"de_DE\" \/>\n<meta property=\"og:type\" content=\"article\" \/>\n<meta property=\"og:title\" content=\"Idebenon bei Muskeldystrophie Duchenne\" \/>\n<meta property=\"og:description\" content=\"Idebenon bei Muskeldystrophie Duchenne - UNABH\u00c4NGIGE ARZNEIMITTELINFORMATIONEN hier klicken --&gt;\" \/>\n<meta property=\"og:url\" content=\"https:\/\/www.der-arzneimittelbrief.de\/nachrichten\/idebenon-bei-muskeldystrophie-duchenne\/\" \/>\n<meta property=\"og:site_name\" content=\"Der Arzneimittelbrief\" \/>\n<meta property=\"article:publisher\" content=\"http:\/\/www.facebook.com\/derarzneimittelbrief.de\" \/>\n<meta property=\"article:published_time\" content=\"2015-10-30T15:43:58+00:00\" \/>\n<meta property=\"og:image\" content=\"http:\/\/www.der-arzneimittelbrief.de\/nachrichten\/wp-content\/uploads\/2014\/01\/GPSP_Banner_AMB_01_2013.jpg\" \/>\n<meta name=\"author\" content=\"Hiwot\" \/>\n<meta name=\"twitter:label1\" content=\"Verfasst von\" \/>\n\t<meta name=\"twitter:data1\" content=\"Hiwot\" \/>\n\t<meta name=\"twitter:label2\" content=\"Gesch\u00e4tzte Lesezeit\" \/>\n\t<meta name=\"twitter:data2\" content=\"1\u00a0Minute\" \/>\n<script type=\"application\/ld+json\" class=\"yoast-schema-graph\">{\"@context\":\"https:\\\/\\\/schema.org\",\"@graph\":[{\"@type\":\"Article\",\"@id\":\"https:\\\/\\\/www.der-arzneimittelbrief.de\\\/nachrichten\\\/idebenon-bei-muskeldystrophie-duchenne\\\/#article\",\"isPartOf\":{\"@id\":\"https:\\\/\\\/www.der-arzneimittelbrief.de\\\/nachrichten\\\/idebenon-bei-muskeldystrophie-duchenne\\\/\"},\"author\":{\"name\":\"Hiwot\",\"@id\":\"https:\\\/\\\/www.der-arzneimittelbrief.de\\\/nachrichten\\\/#\\\/schema\\\/person\\\/a430337ae39f7e856414023e2397b13c\"},\"headline\":\"Idebenon bei Muskeldystrophie Duchenne\",\"datePublished\":\"2015-10-30T15:43:58+00:00\",\"mainEntityOfPage\":{\"@id\":\"https:\\\/\\\/www.der-arzneimittelbrief.de\\\/nachrichten\\\/idebenon-bei-muskeldystrophie-duchenne\\\/\"},\"wordCount\":218,\"image\":{\"@id\":\"https:\\\/\\\/www.der-arzneimittelbrief.de\\\/nachrichten\\\/idebenon-bei-muskeldystrophie-duchenne\\\/#primaryimage\"},\"thumbnailUrl\":\"http:\\\/\\\/www.der-arzneimittelbrief.de\\\/nachrichten\\\/wp-content\\\/uploads\\\/2014\\\/01\\\/GPSP_Banner_AMB_01_2013.jpg\",\"keywords\":[\"DELOS-Studie\",\"Duchenne\",\"Idebenon\",\"Muskeldystrophie\",\"Muskeldystrophie Duchenne\"],\"inLanguage\":\"de\"},{\"@type\":\"WebPage\",\"@id\":\"https:\\\/\\\/www.der-arzneimittelbrief.de\\\/nachrichten\\\/idebenon-bei-muskeldystrophie-duchenne\\\/\",\"url\":\"https:\\\/\\\/www.der-arzneimittelbrief.de\\\/nachrichten\\\/idebenon-bei-muskeldystrophie-duchenne\\\/\",\"name\":\"Idebenon bei Muskeldystrophie Duchenne\",\"isPartOf\":{\"@id\":\"https:\\\/\\\/www.der-arzneimittelbrief.de\\\/nachrichten\\\/#website\"},\"primaryImageOfPage\":{\"@id\":\"https:\\\/\\\/www.der-arzneimittelbrief.de\\\/nachrichten\\\/idebenon-bei-muskeldystrophie-duchenne\\\/#primaryimage\"},\"image\":{\"@id\":\"https:\\\/\\\/www.der-arzneimittelbrief.de\\\/nachrichten\\\/idebenon-bei-muskeldystrophie-duchenne\\\/#primaryimage\"},\"thumbnailUrl\":\"http:\\\/\\\/www.der-arzneimittelbrief.de\\\/nachrichten\\\/wp-content\\\/uploads\\\/2014\\\/01\\\/GPSP_Banner_AMB_01_2013.jpg\",\"datePublished\":\"2015-10-30T15:43:58+00:00\",\"author\":{\"@id\":\"https:\\\/\\\/www.der-arzneimittelbrief.de\\\/nachrichten\\\/#\\\/schema\\\/person\\\/a430337ae39f7e856414023e2397b13c\"},\"description\":\"Idebenon bei Muskeldystrophie Duchenne - UNABH\u00c4NGIGE ARZNEIMITTELINFORMATIONEN hier klicken -->\",\"breadcrumb\":{\"@id\":\"https:\\\/\\\/www.der-arzneimittelbrief.de\\\/nachrichten\\\/idebenon-bei-muskeldystrophie-duchenne\\\/#breadcrumb\"},\"inLanguage\":\"de\",\"potentialAction\":[{\"@type\":\"ReadAction\",\"target\":[\"https:\\\/\\\/www.der-arzneimittelbrief.de\\\/nachrichten\\\/idebenon-bei-muskeldystrophie-duchenne\\\/\"]}]},{\"@type\":\"ImageObject\",\"inLanguage\":\"de\",\"@id\":\"https:\\\/\\\/www.der-arzneimittelbrief.de\\\/nachrichten\\\/idebenon-bei-muskeldystrophie-duchenne\\\/#primaryimage\",\"url\":\"http:\\\/\\\/www.der-arzneimittelbrief.de\\\/nachrichten\\\/wp-content\\\/uploads\\\/2014\\\/01\\\/GPSP_Banner_AMB_01_2013.jpg\",\"contentUrl\":\"http:\\\/\\\/www.der-arzneimittelbrief.de\\\/nachrichten\\\/wp-content\\\/uploads\\\/2014\\\/01\\\/GPSP_Banner_AMB_01_2013.jpg\"},{\"@type\":\"BreadcrumbList\",\"@id\":\"https:\\\/\\\/www.der-arzneimittelbrief.de\\\/nachrichten\\\/idebenon-bei-muskeldystrophie-duchenne\\\/#breadcrumb\",\"itemListElement\":[{\"@type\":\"ListItem\",\"position\":1,\"name\":\"Start\",\"item\":\"https:\\\/\\\/www.der-arzneimittelbrief.de\\\/nachrichten\\\/\"},{\"@type\":\"ListItem\",\"position\":2,\"name\":\"Idebenon bei Muskeldystrophie Duchenne\"}]},{\"@type\":\"WebSite\",\"@id\":\"https:\\\/\\\/www.der-arzneimittelbrief.de\\\/nachrichten\\\/#website\",\"url\":\"https:\\\/\\\/www.der-arzneimittelbrief.de\\\/nachrichten\\\/\",\"name\":\"Der Arzneimittelbrief\",\"description\":\"Unabh\u00e4ngige Arzneimittelinformationen\",\"potentialAction\":[{\"@type\":\"SearchAction\",\"target\":{\"@type\":\"EntryPoint\",\"urlTemplate\":\"https:\\\/\\\/www.der-arzneimittelbrief.de\\\/nachrichten\\\/?s={search_term_string}\"},\"query-input\":{\"@type\":\"PropertyValueSpecification\",\"valueRequired\":true,\"valueName\":\"search_term_string\"}}],\"inLanguage\":\"de\"},{\"@type\":\"Person\",\"@id\":\"https:\\\/\\\/www.der-arzneimittelbrief.de\\\/nachrichten\\\/#\\\/schema\\\/person\\\/a430337ae39f7e856414023e2397b13c\",\"name\":\"Hiwot\",\"image\":{\"@type\":\"ImageObject\",\"inLanguage\":\"de\",\"@id\":\"https:\\\/\\\/secure.gravatar.com\\\/avatar\\\/4de5c07508f9b9a25fb2354c5c40a6bfb18ed47290c54c62a986b86e944e1dd1?s=96&d=mm&r=g\",\"url\":\"https:\\\/\\\/secure.gravatar.com\\\/avatar\\\/4de5c07508f9b9a25fb2354c5c40a6bfb18ed47290c54c62a986b86e944e1dd1?s=96&d=mm&r=g\",\"contentUrl\":\"https:\\\/\\\/secure.gravatar.com\\\/avatar\\\/4de5c07508f9b9a25fb2354c5c40a6bfb18ed47290c54c62a986b86e944e1dd1?s=96&d=mm&r=g\",\"caption\":\"Hiwot\"}}]}<\/script>\n<!-- \/ Yoast SEO plugin. -->","yoast_head_json":{"title":"Idebenon bei Muskeldystrophie Duchenne","description":"Idebenon bei Muskeldystrophie Duchenne - UNABH\u00c4NGIGE ARZNEIMITTELINFORMATIONEN hier klicken -->","robots":{"index":"index","follow":"follow","max-snippet":"max-snippet:-1","max-image-preview":"max-image-preview:large","max-video-preview":"max-video-preview:-1"},"canonical":"https:\/\/www.der-arzneimittelbrief.de\/nachrichten\/idebenon-bei-muskeldystrophie-duchenne\/","og_locale":"de_DE","og_type":"article","og_title":"Idebenon bei Muskeldystrophie Duchenne","og_description":"Idebenon bei Muskeldystrophie Duchenne - UNABH\u00c4NGIGE ARZNEIMITTELINFORMATIONEN hier klicken -->","og_url":"https:\/\/www.der-arzneimittelbrief.de\/nachrichten\/idebenon-bei-muskeldystrophie-duchenne\/","og_site_name":"Der Arzneimittelbrief","article_publisher":"http:\/\/www.facebook.com\/derarzneimittelbrief.de","article_published_time":"2015-10-30T15:43:58+00:00","og_image":[{"url":"http:\/\/www.der-arzneimittelbrief.de\/nachrichten\/wp-content\/uploads\/2014\/01\/GPSP_Banner_AMB_01_2013.jpg","type":"","width":"","height":""}],"author":"Hiwot","twitter_misc":{"Verfasst von":"Hiwot","Gesch\u00e4tzte Lesezeit":"1\u00a0Minute"},"schema":{"@context":"https:\/\/schema.org","@graph":[{"@type":"Article","@id":"https:\/\/www.der-arzneimittelbrief.de\/nachrichten\/idebenon-bei-muskeldystrophie-duchenne\/#article","isPartOf":{"@id":"https:\/\/www.der-arzneimittelbrief.de\/nachrichten\/idebenon-bei-muskeldystrophie-duchenne\/"},"author":{"name":"Hiwot","@id":"https:\/\/www.der-arzneimittelbrief.de\/nachrichten\/#\/schema\/person\/a430337ae39f7e856414023e2397b13c"},"headline":"Idebenon bei Muskeldystrophie Duchenne","datePublished":"2015-10-30T15:43:58+00:00","mainEntityOfPage":{"@id":"https:\/\/www.der-arzneimittelbrief.de\/nachrichten\/idebenon-bei-muskeldystrophie-duchenne\/"},"wordCount":218,"image":{"@id":"https:\/\/www.der-arzneimittelbrief.de\/nachrichten\/idebenon-bei-muskeldystrophie-duchenne\/#primaryimage"},"thumbnailUrl":"http:\/\/www.der-arzneimittelbrief.de\/nachrichten\/wp-content\/uploads\/2014\/01\/GPSP_Banner_AMB_01_2013.jpg","keywords":["DELOS-Studie","Duchenne","Idebenon","Muskeldystrophie","Muskeldystrophie Duchenne"],"inLanguage":"de"},{"@type":"WebPage","@id":"https:\/\/www.der-arzneimittelbrief.de\/nachrichten\/idebenon-bei-muskeldystrophie-duchenne\/","url":"https:\/\/www.der-arzneimittelbrief.de\/nachrichten\/idebenon-bei-muskeldystrophie-duchenne\/","name":"Idebenon bei Muskeldystrophie Duchenne","isPartOf":{"@id":"https:\/\/www.der-arzneimittelbrief.de\/nachrichten\/#website"},"primaryImageOfPage":{"@id":"https:\/\/www.der-arzneimittelbrief.de\/nachrichten\/idebenon-bei-muskeldystrophie-duchenne\/#primaryimage"},"image":{"@id":"https:\/\/www.der-arzneimittelbrief.de\/nachrichten\/idebenon-bei-muskeldystrophie-duchenne\/#primaryimage"},"thumbnailUrl":"http:\/\/www.der-arzneimittelbrief.de\/nachrichten\/wp-content\/uploads\/2014\/01\/GPSP_Banner_AMB_01_2013.jpg","datePublished":"2015-10-30T15:43:58+00:00","author":{"@id":"https:\/\/www.der-arzneimittelbrief.de\/nachrichten\/#\/schema\/person\/a430337ae39f7e856414023e2397b13c"},"description":"Idebenon bei Muskeldystrophie Duchenne - UNABH\u00c4NGIGE ARZNEIMITTELINFORMATIONEN hier klicken -->","breadcrumb":{"@id":"https:\/\/www.der-arzneimittelbrief.de\/nachrichten\/idebenon-bei-muskeldystrophie-duchenne\/#breadcrumb"},"inLanguage":"de","potentialAction":[{"@type":"ReadAction","target":["https:\/\/www.der-arzneimittelbrief.de\/nachrichten\/idebenon-bei-muskeldystrophie-duchenne\/"]}]},{"@type":"ImageObject","inLanguage":"de","@id":"https:\/\/www.der-arzneimittelbrief.de\/nachrichten\/idebenon-bei-muskeldystrophie-duchenne\/#primaryimage","url":"http:\/\/www.der-arzneimittelbrief.de\/nachrichten\/wp-content\/uploads\/2014\/01\/GPSP_Banner_AMB_01_2013.jpg","contentUrl":"http:\/\/www.der-arzneimittelbrief.de\/nachrichten\/wp-content\/uploads\/2014\/01\/GPSP_Banner_AMB_01_2013.jpg"},{"@type":"BreadcrumbList","@id":"https:\/\/www.der-arzneimittelbrief.de\/nachrichten\/idebenon-bei-muskeldystrophie-duchenne\/#breadcrumb","itemListElement":[{"@type":"ListItem","position":1,"name":"Start","item":"https:\/\/www.der-arzneimittelbrief.de\/nachrichten\/"},{"@type":"ListItem","position":2,"name":"Idebenon bei Muskeldystrophie Duchenne"}]},{"@type":"WebSite","@id":"https:\/\/www.der-arzneimittelbrief.de\/nachrichten\/#website","url":"https:\/\/www.der-arzneimittelbrief.de\/nachrichten\/","name":"Der Arzneimittelbrief","description":"Unabh\u00e4ngige Arzneimittelinformationen","potentialAction":[{"@type":"SearchAction","target":{"@type":"EntryPoint","urlTemplate":"https:\/\/www.der-arzneimittelbrief.de\/nachrichten\/?s={search_term_string}"},"query-input":{"@type":"PropertyValueSpecification","valueRequired":true,"valueName":"search_term_string"}}],"inLanguage":"de"},{"@type":"Person","@id":"https:\/\/www.der-arzneimittelbrief.de\/nachrichten\/#\/schema\/person\/a430337ae39f7e856414023e2397b13c","name":"Hiwot","image":{"@type":"ImageObject","inLanguage":"de","@id":"https:\/\/secure.gravatar.com\/avatar\/4de5c07508f9b9a25fb2354c5c40a6bfb18ed47290c54c62a986b86e944e1dd1?s=96&d=mm&r=g","url":"https:\/\/secure.gravatar.com\/avatar\/4de5c07508f9b9a25fb2354c5c40a6bfb18ed47290c54c62a986b86e944e1dd1?s=96&d=mm&r=g","contentUrl":"https:\/\/secure.gravatar.com\/avatar\/4de5c07508f9b9a25fb2354c5c40a6bfb18ed47290c54c62a986b86e944e1dd1?s=96&d=mm&r=g","caption":"Hiwot"}}]}},"_links":{"self":[{"href":"https:\/\/www.der-arzneimittelbrief.de\/nachrichten\/api\/wp\/v2\/posts\/3511","targetHints":{"allow":["GET"]}}],"collection":[{"href":"https:\/\/www.der-arzneimittelbrief.de\/nachrichten\/api\/wp\/v2\/posts"}],"about":[{"href":"https:\/\/www.der-arzneimittelbrief.de\/nachrichten\/api\/wp\/v2\/types\/post"}],"author":[{"embeddable":true,"href":"https:\/\/www.der-arzneimittelbrief.de\/nachrichten\/api\/wp\/v2\/users\/4"}],"replies":[{"embeddable":true,"href":"https:\/\/www.der-arzneimittelbrief.de\/nachrichten\/api\/wp\/v2\/comments?post=3511"}],"version-history":[{"count":2,"href":"https:\/\/www.der-arzneimittelbrief.de\/nachrichten\/api\/wp\/v2\/posts\/3511\/revisions"}],"predecessor-version":[{"id":3513,"href":"https:\/\/www.der-arzneimittelbrief.de\/nachrichten\/api\/wp\/v2\/posts\/3511\/revisions\/3513"}],"wp:attachment":[{"href":"https:\/\/www.der-arzneimittelbrief.de\/nachrichten\/api\/wp\/v2\/media?parent=3511"}],"wp:term":[{"taxonomy":"category","embeddable":true,"href":"https:\/\/www.der-arzneimittelbrief.de\/nachrichten\/api\/wp\/v2\/categories?post=3511"},{"taxonomy":"post_tag","embeddable":true,"href":"https:\/\/www.der-arzneimittelbrief.de\/nachrichten\/api\/wp\/v2\/tags?post=3511"}],"curies":[{"name":"wp","href":"https:\/\/api.w.org\/{rel}","templated":true}]}}