{"id":4629,"date":"2019-05-20T12:45:17","date_gmt":"2019-05-20T12:45:17","guid":{"rendered":"https:\/\/www.der-arzneimittelbrief.de\/nachrichten\/?p=4629"},"modified":"2019-05-20T12:45:19","modified_gmt":"2019-05-20T12:45:19","slug":"antibiotika-bei-akut-exazerbiertem-asthma-bronchiale","status":"publish","type":"post","link":"https:\/\/www.der-arzneimittelbrief.de\/nachrichten\/antibiotika-bei-akut-exazerbiertem-asthma-bronchiale\/","title":{"rendered":"Kein routinem\u00e4\u00dfiger Einsatz von Antibiotika bei akut exazerbiertem Asthma bronchiale"},"content":{"rendered":"<p>\u00a0AMB 2019, 53, 26\u00a0 Fazit: In einer retrospektiven Kohortenstudie war bei Patienten mit einem akuten Asthmaanfall der Einsatz eines Antibiotikums \u2013 ohne eindeutige Indikation hierf\u00fcr \u2013 mit einem verl\u00e4ngerten Krankenhausaufenthalt, h\u00f6heren Krankenhauskosten und einem erh\u00f6hten Risiko f\u00fcr Antibiotika-assoziierte Diarrh\u00f6 verbunden bei \u00e4hnlichem Risiko f\u00fcr ein Therapieversagen. Die Ergebnisse unterstreichen, dass Antibiotika nicht routinem\u00e4\u00dfig bei Patienten [&hellip;]<\/p>\n","protected":false},"excerpt":{"rendered":"<p>\u00a0AMB 2019, 53, 26\u00a0 Fazit: In einer retrospektiven Kohortenstudie war bei Patienten mit einem akuten Asthmaanfall der Einsatz eines Antibiotikums \u2013 ohne eindeutige Indikation hierf\u00fcr \u2013 mit einem verl\u00e4ngerten Krankenhausaufenthalt, h\u00f6heren Krankenhauskosten und einem erh\u00f6hten Risiko f\u00fcr Antibiotika-assoziierte Diarrh\u00f6 verbunden bei \u00e4hnlichem Risiko f\u00fcr ein Therapieversagen. Die Ergebnisse unterstreichen, dass Antibiotika nicht routinem\u00e4\u00dfig bei Patienten [&hellip;]<\/p>\n","protected":false},"author":5,"featured_media":0,"comment_status":"closed","ping_status":"closed","sticky":false,"template":"","format":"standard","meta":{"_editorskit_title_hidden":false,"_editorskit_reading_time":0,"_editorskit_is_block_options_detached":false,"_editorskit_block_options_position":"{}","footnotes":""},"categories":[1],"tags":[67,409,3138,61,60,306,307],"class_list":["post-4629","post","type-post","status-publish","format-standard","hentry","category-allgemein","tag-apoplektischer-insult","tag-fluoxetin","tag-focus-studie","tag-hirninfarkt","tag-schlaganfall","tag-tia","tag-transitorische-ischaemische-attacke"],"yoast_head":"<!-- This site is optimized with the Yoast SEO plugin v27.3 - https:\/\/yoast.com\/product\/yoast-seo-wordpress\/ -->\n<title>Kein routinem\u00e4\u00dfiger Einsatz von Antibiotika bei akut exazerbiertem Asthma bronchiale - Der Arzneimittelbrief<\/title>\n<meta name=\"robots\" content=\"index, follow, max-snippet:-1, max-image-preview:large, max-video-preview:-1\" \/>\n<link rel=\"canonical\" href=\"https:\/\/www.der-arzneimittelbrief.de\/nachrichten\/antibiotika-bei-akut-exazerbiertem-asthma-bronchiale\/\" \/>\n<meta property=\"og:locale\" content=\"de_DE\" \/>\n<meta property=\"og:type\" content=\"article\" \/>\n<meta property=\"og:title\" content=\"Kein routinem\u00e4\u00dfiger Einsatz von Antibiotika bei akut exazerbiertem Asthma bronchiale - Der Arzneimittelbrief\" \/>\n<meta property=\"og:description\" content=\"\u00a0AMB 2019, 53, 26\u00a0 Fazit: In einer retrospektiven Kohortenstudie war bei Patienten mit einem akuten Asthmaanfall der Einsatz eines Antibiotikums \u2013 ohne eindeutige Indikation hierf\u00fcr \u2013 mit einem verl\u00e4ngerten Krankenhausaufenthalt, h\u00f6heren Krankenhauskosten und einem erh\u00f6hten Risiko f\u00fcr Antibiotika-assoziierte Diarrh\u00f6 verbunden bei \u00e4hnlichem Risiko f\u00fcr ein Therapieversagen. Die Ergebnisse unterstreichen, dass Antibiotika nicht routinem\u00e4\u00dfig bei Patienten [&hellip;]\" \/>\n<meta property=\"og:url\" content=\"https:\/\/www.der-arzneimittelbrief.de\/nachrichten\/antibiotika-bei-akut-exazerbiertem-asthma-bronchiale\/\" \/>\n<meta property=\"og:site_name\" content=\"Der Arzneimittelbrief\" \/>\n<meta property=\"article:publisher\" content=\"http:\/\/www.facebook.com\/derarzneimittelbrief.de\" \/>\n<meta property=\"article:published_time\" content=\"2019-05-20T12:45:17+00:00\" \/>\n<meta property=\"article:modified_time\" content=\"2019-05-20T12:45:19+00:00\" \/>\n<meta property=\"og:image\" content=\"http:\/\/www.der-arzneimittelbrief.de\/nachrichten\/wp-content\/uploads\/2014\/01\/2_Studi_Banner_AMB_NEU.jpg\" \/>\n<meta name=\"author\" content=\"henk-amb\" \/>\n<meta name=\"twitter:label1\" content=\"Verfasst von\" \/>\n\t<meta name=\"twitter:data1\" content=\"henk-amb\" \/>\n\t<meta name=\"twitter:label2\" content=\"Gesch\u00e4tzte Lesezeit\" \/>\n\t<meta name=\"twitter:data2\" content=\"1\u00a0Minute\" \/>\n<script type=\"application\/ld+json\" class=\"yoast-schema-graph\">{\"@context\":\"https:\\\/\\\/schema.org\",\"@graph\":[{\"@type\":\"Article\",\"@id\":\"https:\\\/\\\/www.der-arzneimittelbrief.de\\\/nachrichten\\\/antibiotika-bei-akut-exazerbiertem-asthma-bronchiale\\\/#article\",\"isPartOf\":{\"@id\":\"https:\\\/\\\/www.der-arzneimittelbrief.de\\\/nachrichten\\\/antibiotika-bei-akut-exazerbiertem-asthma-bronchiale\\\/\"},\"author\":{\"name\":\"henk-amb\",\"@id\":\"https:\\\/\\\/www.der-arzneimittelbrief.de\\\/nachrichten\\\/#\\\/schema\\\/person\\\/2e7981c97826a4941311e607c145d937\"},\"headline\":\"Kein routinem\u00e4\u00dfiger Einsatz von Antibiotika bei akut exazerbiertem Asthma bronchiale\",\"datePublished\":\"2019-05-20T12:45:17+00:00\",\"dateModified\":\"2019-05-20T12:45:19+00:00\",\"mainEntityOfPage\":{\"@id\":\"https:\\\/\\\/www.der-arzneimittelbrief.de\\\/nachrichten\\\/antibiotika-bei-akut-exazerbiertem-asthma-bronchiale\\\/\"},\"wordCount\":239,\"image\":{\"@id\":\"https:\\\/\\\/www.der-arzneimittelbrief.de\\\/nachrichten\\\/antibiotika-bei-akut-exazerbiertem-asthma-bronchiale\\\/#primaryimage\"},\"thumbnailUrl\":\"http:\\\/\\\/www.der-arzneimittelbrief.de\\\/nachrichten\\\/wp-content\\\/uploads\\\/2014\\\/01\\\/2_Studi_Banner_AMB_NEU.jpg\",\"keywords\":[\"Apoplektischer Insult\",\"Fluoxetin\",\"FOCUS-Studie\",\"Hirninfarkt\",\"Schlaganfall\",\"TIA\",\"Transitorische isch\u00e4mische Attacke\"],\"inLanguage\":\"de\"},{\"@type\":\"WebPage\",\"@id\":\"https:\\\/\\\/www.der-arzneimittelbrief.de\\\/nachrichten\\\/antibiotika-bei-akut-exazerbiertem-asthma-bronchiale\\\/\",\"url\":\"https:\\\/\\\/www.der-arzneimittelbrief.de\\\/nachrichten\\\/antibiotika-bei-akut-exazerbiertem-asthma-bronchiale\\\/\",\"name\":\"Kein routinem\u00e4\u00dfiger Einsatz von Antibiotika bei akut exazerbiertem Asthma bronchiale - Der Arzneimittelbrief\",\"isPartOf\":{\"@id\":\"https:\\\/\\\/www.der-arzneimittelbrief.de\\\/nachrichten\\\/#website\"},\"primaryImageOfPage\":{\"@id\":\"https:\\\/\\\/www.der-arzneimittelbrief.de\\\/nachrichten\\\/antibiotika-bei-akut-exazerbiertem-asthma-bronchiale\\\/#primaryimage\"},\"image\":{\"@id\":\"https:\\\/\\\/www.der-arzneimittelbrief.de\\\/nachrichten\\\/antibiotika-bei-akut-exazerbiertem-asthma-bronchiale\\\/#primaryimage\"},\"thumbnailUrl\":\"http:\\\/\\\/www.der-arzneimittelbrief.de\\\/nachrichten\\\/wp-content\\\/uploads\\\/2014\\\/01\\\/2_Studi_Banner_AMB_NEU.jpg\",\"datePublished\":\"2019-05-20T12:45:17+00:00\",\"dateModified\":\"2019-05-20T12:45:19+00:00\",\"author\":{\"@id\":\"https:\\\/\\\/www.der-arzneimittelbrief.de\\\/nachrichten\\\/#\\\/schema\\\/person\\\/2e7981c97826a4941311e607c145d937\"},\"breadcrumb\":{\"@id\":\"https:\\\/\\\/www.der-arzneimittelbrief.de\\\/nachrichten\\\/antibiotika-bei-akut-exazerbiertem-asthma-bronchiale\\\/#breadcrumb\"},\"inLanguage\":\"de\",\"potentialAction\":[{\"@type\":\"ReadAction\",\"target\":[\"https:\\\/\\\/www.der-arzneimittelbrief.de\\\/nachrichten\\\/antibiotika-bei-akut-exazerbiertem-asthma-bronchiale\\\/\"]}]},{\"@type\":\"ImageObject\",\"inLanguage\":\"de\",\"@id\":\"https:\\\/\\\/www.der-arzneimittelbrief.de\\\/nachrichten\\\/antibiotika-bei-akut-exazerbiertem-asthma-bronchiale\\\/#primaryimage\",\"url\":\"http:\\\/\\\/www.der-arzneimittelbrief.de\\\/nachrichten\\\/wp-content\\\/uploads\\\/2014\\\/01\\\/2_Studi_Banner_AMB_NEU.jpg\",\"contentUrl\":\"http:\\\/\\\/www.der-arzneimittelbrief.de\\\/nachrichten\\\/wp-content\\\/uploads\\\/2014\\\/01\\\/2_Studi_Banner_AMB_NEU.jpg\"},{\"@type\":\"BreadcrumbList\",\"@id\":\"https:\\\/\\\/www.der-arzneimittelbrief.de\\\/nachrichten\\\/antibiotika-bei-akut-exazerbiertem-asthma-bronchiale\\\/#breadcrumb\",\"itemListElement\":[{\"@type\":\"ListItem\",\"position\":1,\"name\":\"Start\",\"item\":\"https:\\\/\\\/www.der-arzneimittelbrief.de\\\/nachrichten\\\/\"},{\"@type\":\"ListItem\",\"position\":2,\"name\":\"Kein routinem\u00e4\u00dfiger Einsatz von Antibiotika bei akut exazerbiertem Asthma bronchiale\"}]},{\"@type\":\"WebSite\",\"@id\":\"https:\\\/\\\/www.der-arzneimittelbrief.de\\\/nachrichten\\\/#website\",\"url\":\"https:\\\/\\\/www.der-arzneimittelbrief.de\\\/nachrichten\\\/\",\"name\":\"Der Arzneimittelbrief\",\"description\":\"Unabh\u00e4ngige Arzneimittelinformationen\",\"potentialAction\":[{\"@type\":\"SearchAction\",\"target\":{\"@type\":\"EntryPoint\",\"urlTemplate\":\"https:\\\/\\\/www.der-arzneimittelbrief.de\\\/nachrichten\\\/?s={search_term_string}\"},\"query-input\":{\"@type\":\"PropertyValueSpecification\",\"valueRequired\":true,\"valueName\":\"search_term_string\"}}],\"inLanguage\":\"de\"},{\"@type\":\"Person\",\"@id\":\"https:\\\/\\\/www.der-arzneimittelbrief.de\\\/nachrichten\\\/#\\\/schema\\\/person\\\/2e7981c97826a4941311e607c145d937\",\"name\":\"henk-amb\",\"image\":{\"@type\":\"ImageObject\",\"inLanguage\":\"de\",\"@id\":\"https:\\\/\\\/secure.gravatar.com\\\/avatar\\\/314c85e3c5c37749a415d1df0e5fe7642768dd0d2f48f8a4fea70eae9b7499fc?s=96&d=mm&r=g\",\"url\":\"https:\\\/\\\/secure.gravatar.com\\\/avatar\\\/314c85e3c5c37749a415d1df0e5fe7642768dd0d2f48f8a4fea70eae9b7499fc?s=96&d=mm&r=g\",\"contentUrl\":\"https:\\\/\\\/secure.gravatar.com\\\/avatar\\\/314c85e3c5c37749a415d1df0e5fe7642768dd0d2f48f8a4fea70eae9b7499fc?s=96&d=mm&r=g\",\"caption\":\"henk-amb\"}}]}<\/script>\n<!-- \/ Yoast SEO plugin. -->","yoast_head_json":{"title":"Kein routinem\u00e4\u00dfiger Einsatz von Antibiotika bei akut exazerbiertem Asthma bronchiale - Der Arzneimittelbrief","robots":{"index":"index","follow":"follow","max-snippet":"max-snippet:-1","max-image-preview":"max-image-preview:large","max-video-preview":"max-video-preview:-1"},"canonical":"https:\/\/www.der-arzneimittelbrief.de\/nachrichten\/antibiotika-bei-akut-exazerbiertem-asthma-bronchiale\/","og_locale":"de_DE","og_type":"article","og_title":"Kein routinem\u00e4\u00dfiger Einsatz von Antibiotika bei akut exazerbiertem Asthma bronchiale - Der Arzneimittelbrief","og_description":"\u00a0AMB 2019, 53, 26\u00a0 Fazit: In einer retrospektiven Kohortenstudie war bei Patienten mit einem akuten Asthmaanfall der Einsatz eines Antibiotikums \u2013 ohne eindeutige Indikation hierf\u00fcr \u2013 mit einem verl\u00e4ngerten Krankenhausaufenthalt, h\u00f6heren Krankenhauskosten und einem erh\u00f6hten Risiko f\u00fcr Antibiotika-assoziierte Diarrh\u00f6 verbunden bei \u00e4hnlichem Risiko f\u00fcr ein Therapieversagen. Die Ergebnisse unterstreichen, dass Antibiotika nicht routinem\u00e4\u00dfig bei Patienten [&hellip;]","og_url":"https:\/\/www.der-arzneimittelbrief.de\/nachrichten\/antibiotika-bei-akut-exazerbiertem-asthma-bronchiale\/","og_site_name":"Der Arzneimittelbrief","article_publisher":"http:\/\/www.facebook.com\/derarzneimittelbrief.de","article_published_time":"2019-05-20T12:45:17+00:00","article_modified_time":"2019-05-20T12:45:19+00:00","og_image":[{"url":"http:\/\/www.der-arzneimittelbrief.de\/nachrichten\/wp-content\/uploads\/2014\/01\/2_Studi_Banner_AMB_NEU.jpg","type":"","width":"","height":""}],"author":"henk-amb","twitter_misc":{"Verfasst von":"henk-amb","Gesch\u00e4tzte Lesezeit":"1\u00a0Minute"},"schema":{"@context":"https:\/\/schema.org","@graph":[{"@type":"Article","@id":"https:\/\/www.der-arzneimittelbrief.de\/nachrichten\/antibiotika-bei-akut-exazerbiertem-asthma-bronchiale\/#article","isPartOf":{"@id":"https:\/\/www.der-arzneimittelbrief.de\/nachrichten\/antibiotika-bei-akut-exazerbiertem-asthma-bronchiale\/"},"author":{"name":"henk-amb","@id":"https:\/\/www.der-arzneimittelbrief.de\/nachrichten\/#\/schema\/person\/2e7981c97826a4941311e607c145d937"},"headline":"Kein routinem\u00e4\u00dfiger Einsatz von Antibiotika bei akut exazerbiertem Asthma bronchiale","datePublished":"2019-05-20T12:45:17+00:00","dateModified":"2019-05-20T12:45:19+00:00","mainEntityOfPage":{"@id":"https:\/\/www.der-arzneimittelbrief.de\/nachrichten\/antibiotika-bei-akut-exazerbiertem-asthma-bronchiale\/"},"wordCount":239,"image":{"@id":"https:\/\/www.der-arzneimittelbrief.de\/nachrichten\/antibiotika-bei-akut-exazerbiertem-asthma-bronchiale\/#primaryimage"},"thumbnailUrl":"http:\/\/www.der-arzneimittelbrief.de\/nachrichten\/wp-content\/uploads\/2014\/01\/2_Studi_Banner_AMB_NEU.jpg","keywords":["Apoplektischer Insult","Fluoxetin","FOCUS-Studie","Hirninfarkt","Schlaganfall","TIA","Transitorische isch\u00e4mische Attacke"],"inLanguage":"de"},{"@type":"WebPage","@id":"https:\/\/www.der-arzneimittelbrief.de\/nachrichten\/antibiotika-bei-akut-exazerbiertem-asthma-bronchiale\/","url":"https:\/\/www.der-arzneimittelbrief.de\/nachrichten\/antibiotika-bei-akut-exazerbiertem-asthma-bronchiale\/","name":"Kein routinem\u00e4\u00dfiger Einsatz von Antibiotika bei akut exazerbiertem Asthma bronchiale - Der Arzneimittelbrief","isPartOf":{"@id":"https:\/\/www.der-arzneimittelbrief.de\/nachrichten\/#website"},"primaryImageOfPage":{"@id":"https:\/\/www.der-arzneimittelbrief.de\/nachrichten\/antibiotika-bei-akut-exazerbiertem-asthma-bronchiale\/#primaryimage"},"image":{"@id":"https:\/\/www.der-arzneimittelbrief.de\/nachrichten\/antibiotika-bei-akut-exazerbiertem-asthma-bronchiale\/#primaryimage"},"thumbnailUrl":"http:\/\/www.der-arzneimittelbrief.de\/nachrichten\/wp-content\/uploads\/2014\/01\/2_Studi_Banner_AMB_NEU.jpg","datePublished":"2019-05-20T12:45:17+00:00","dateModified":"2019-05-20T12:45:19+00:00","author":{"@id":"https:\/\/www.der-arzneimittelbrief.de\/nachrichten\/#\/schema\/person\/2e7981c97826a4941311e607c145d937"},"breadcrumb":{"@id":"https:\/\/www.der-arzneimittelbrief.de\/nachrichten\/antibiotika-bei-akut-exazerbiertem-asthma-bronchiale\/#breadcrumb"},"inLanguage":"de","potentialAction":[{"@type":"ReadAction","target":["https:\/\/www.der-arzneimittelbrief.de\/nachrichten\/antibiotika-bei-akut-exazerbiertem-asthma-bronchiale\/"]}]},{"@type":"ImageObject","inLanguage":"de","@id":"https:\/\/www.der-arzneimittelbrief.de\/nachrichten\/antibiotika-bei-akut-exazerbiertem-asthma-bronchiale\/#primaryimage","url":"http:\/\/www.der-arzneimittelbrief.de\/nachrichten\/wp-content\/uploads\/2014\/01\/2_Studi_Banner_AMB_NEU.jpg","contentUrl":"http:\/\/www.der-arzneimittelbrief.de\/nachrichten\/wp-content\/uploads\/2014\/01\/2_Studi_Banner_AMB_NEU.jpg"},{"@type":"BreadcrumbList","@id":"https:\/\/www.der-arzneimittelbrief.de\/nachrichten\/antibiotika-bei-akut-exazerbiertem-asthma-bronchiale\/#breadcrumb","itemListElement":[{"@type":"ListItem","position":1,"name":"Start","item":"https:\/\/www.der-arzneimittelbrief.de\/nachrichten\/"},{"@type":"ListItem","position":2,"name":"Kein routinem\u00e4\u00dfiger Einsatz von Antibiotika bei akut exazerbiertem Asthma bronchiale"}]},{"@type":"WebSite","@id":"https:\/\/www.der-arzneimittelbrief.de\/nachrichten\/#website","url":"https:\/\/www.der-arzneimittelbrief.de\/nachrichten\/","name":"Der Arzneimittelbrief","description":"Unabh\u00e4ngige Arzneimittelinformationen","potentialAction":[{"@type":"SearchAction","target":{"@type":"EntryPoint","urlTemplate":"https:\/\/www.der-arzneimittelbrief.de\/nachrichten\/?s={search_term_string}"},"query-input":{"@type":"PropertyValueSpecification","valueRequired":true,"valueName":"search_term_string"}}],"inLanguage":"de"},{"@type":"Person","@id":"https:\/\/www.der-arzneimittelbrief.de\/nachrichten\/#\/schema\/person\/2e7981c97826a4941311e607c145d937","name":"henk-amb","image":{"@type":"ImageObject","inLanguage":"de","@id":"https:\/\/secure.gravatar.com\/avatar\/314c85e3c5c37749a415d1df0e5fe7642768dd0d2f48f8a4fea70eae9b7499fc?s=96&d=mm&r=g","url":"https:\/\/secure.gravatar.com\/avatar\/314c85e3c5c37749a415d1df0e5fe7642768dd0d2f48f8a4fea70eae9b7499fc?s=96&d=mm&r=g","contentUrl":"https:\/\/secure.gravatar.com\/avatar\/314c85e3c5c37749a415d1df0e5fe7642768dd0d2f48f8a4fea70eae9b7499fc?s=96&d=mm&r=g","caption":"henk-amb"}}]}},"_links":{"self":[{"href":"https:\/\/www.der-arzneimittelbrief.de\/nachrichten\/api\/wp\/v2\/posts\/4629","targetHints":{"allow":["GET"]}}],"collection":[{"href":"https:\/\/www.der-arzneimittelbrief.de\/nachrichten\/api\/wp\/v2\/posts"}],"about":[{"href":"https:\/\/www.der-arzneimittelbrief.de\/nachrichten\/api\/wp\/v2\/types\/post"}],"author":[{"embeddable":true,"href":"https:\/\/www.der-arzneimittelbrief.de\/nachrichten\/api\/wp\/v2\/users\/5"}],"replies":[{"embeddable":true,"href":"https:\/\/www.der-arzneimittelbrief.de\/nachrichten\/api\/wp\/v2\/comments?post=4629"}],"version-history":[{"count":2,"href":"https:\/\/www.der-arzneimittelbrief.de\/nachrichten\/api\/wp\/v2\/posts\/4629\/revisions"}],"predecessor-version":[{"id":4631,"href":"https:\/\/www.der-arzneimittelbrief.de\/nachrichten\/api\/wp\/v2\/posts\/4629\/revisions\/4631"}],"wp:attachment":[{"href":"https:\/\/www.der-arzneimittelbrief.de\/nachrichten\/api\/wp\/v2\/media?parent=4629"}],"wp:term":[{"taxonomy":"category","embeddable":true,"href":"https:\/\/www.der-arzneimittelbrief.de\/nachrichten\/api\/wp\/v2\/categories?post=4629"},{"taxonomy":"post_tag","embeddable":true,"href":"https:\/\/www.der-arzneimittelbrief.de\/nachrichten\/api\/wp\/v2\/tags?post=4629"}],"curies":[{"name":"wp","href":"https:\/\/api.w.org\/{rel}","templated":true}]}}