{"id":4812,"date":"2019-10-28T19:42:15","date_gmt":"2019-10-28T19:42:15","guid":{"rendered":"https:\/\/www.der-arzneimittelbrief.de\/nachrichten\/?p=4812"},"modified":"2019-10-28T19:42:17","modified_gmt":"2019-10-28T19:42:17","slug":"copd-haufig-uberdiagnostiziert","status":"publish","type":"post","link":"https:\/\/www.der-arzneimittelbrief.de\/nachrichten\/copd-haufig-uberdiagnostiziert\/","title":{"rendered":"COPD: h\u00e4ufig \u00fcberdiagnostiziert?"},"content":{"rendered":"<p>AMB 2019, 53, 71b Eine retrospektive Analyse aus einer bev\u00f6lkerungsbasierten Registerstudie stellt die Diagnose COPD bei mehr als der H\u00e4lfte der betroffenen Personen in Frage (\u00dcberdiagnose) und kritisiert den \u00dcbergebrauch von Medikamenten f\u00fcr Atemwegserkrankungen. Bei knapp der H\u00e4lfte dieser Personen mit angezweifelter Diagnose wurde im Vorfeld gar keine Spirometrie durchgef\u00fchrt, und bei 61% mit Spirometrie [&hellip;]<\/p>\n","protected":false},"excerpt":{"rendered":"<p>AMB 2019, 53, 71b Eine retrospektive Analyse aus einer bev\u00f6lkerungsbasierten Registerstudie stellt die Diagnose COPD bei mehr als der H\u00e4lfte der betroffenen Personen in Frage (\u00dcberdiagnose) und kritisiert den \u00dcbergebrauch von Medikamenten f\u00fcr Atemwegserkrankungen. Bei knapp der H\u00e4lfte dieser Personen mit angezweifelter Diagnose wurde im Vorfeld gar keine Spirometrie durchgef\u00fchrt, und bei 61% mit Spirometrie [&hellip;]<\/p>\n","protected":false},"author":5,"featured_media":0,"comment_status":"closed","ping_status":"closed","sticky":false,"template":"","format":"standard","meta":{"_editorskit_title_hidden":false,"_editorskit_reading_time":0,"_editorskit_is_block_options_detached":false,"_editorskit_block_options_position":"{}","footnotes":""},"categories":[1],"tags":[],"class_list":["post-4812","post","type-post","status-publish","format-standard","hentry","category-allgemein"],"yoast_head":"<!-- This site is optimized with the Yoast SEO plugin v27.3 - https:\/\/yoast.com\/product\/yoast-seo-wordpress\/ -->\n<title>COPD: h\u00e4ufig \u00fcberdiagnostiziert? - Der Arzneimittelbrief<\/title>\n<meta name=\"robots\" content=\"index, follow, max-snippet:-1, max-image-preview:large, max-video-preview:-1\" \/>\n<link rel=\"canonical\" href=\"https:\/\/www.der-arzneimittelbrief.de\/nachrichten\/copd-haufig-uberdiagnostiziert\/\" \/>\n<meta property=\"og:locale\" content=\"de_DE\" \/>\n<meta property=\"og:type\" content=\"article\" \/>\n<meta property=\"og:title\" content=\"COPD: h\u00e4ufig \u00fcberdiagnostiziert? - Der Arzneimittelbrief\" \/>\n<meta property=\"og:description\" content=\"AMB 2019, 53, 71b Eine retrospektive Analyse aus einer bev\u00f6lkerungsbasierten Registerstudie stellt die Diagnose COPD bei mehr als der H\u00e4lfte der betroffenen Personen in Frage (\u00dcberdiagnose) und kritisiert den \u00dcbergebrauch von Medikamenten f\u00fcr Atemwegserkrankungen. Bei knapp der H\u00e4lfte dieser Personen mit angezweifelter Diagnose wurde im Vorfeld gar keine Spirometrie durchgef\u00fchrt, und bei 61% mit Spirometrie [&hellip;]\" \/>\n<meta property=\"og:url\" content=\"https:\/\/www.der-arzneimittelbrief.de\/nachrichten\/copd-haufig-uberdiagnostiziert\/\" \/>\n<meta property=\"og:site_name\" content=\"Der Arzneimittelbrief\" \/>\n<meta property=\"article:publisher\" content=\"http:\/\/www.facebook.com\/derarzneimittelbrief.de\" \/>\n<meta property=\"article:published_time\" content=\"2019-10-28T19:42:15+00:00\" \/>\n<meta property=\"article:modified_time\" content=\"2019-10-28T19:42:17+00:00\" \/>\n<meta property=\"og:image\" content=\"http:\/\/www.der-arzneimittelbrief.de\/nachrichten\/wp-content\/uploads\/2014\/01\/2_Studi_Banner_AMB_NEU.jpg\" \/>\n<meta name=\"author\" content=\"henk-amb\" \/>\n<meta name=\"twitter:label1\" content=\"Verfasst von\" \/>\n\t<meta name=\"twitter:data1\" content=\"henk-amb\" \/>\n\t<meta name=\"twitter:label2\" content=\"Gesch\u00e4tzte Lesezeit\" \/>\n\t<meta name=\"twitter:data2\" content=\"1\u00a0Minute\" \/>\n<script type=\"application\/ld+json\" class=\"yoast-schema-graph\">{\"@context\":\"https:\\\/\\\/schema.org\",\"@graph\":[{\"@type\":\"Article\",\"@id\":\"https:\\\/\\\/www.der-arzneimittelbrief.de\\\/nachrichten\\\/copd-haufig-uberdiagnostiziert\\\/#article\",\"isPartOf\":{\"@id\":\"https:\\\/\\\/www.der-arzneimittelbrief.de\\\/nachrichten\\\/copd-haufig-uberdiagnostiziert\\\/\"},\"author\":{\"name\":\"henk-amb\",\"@id\":\"https:\\\/\\\/www.der-arzneimittelbrief.de\\\/nachrichten\\\/#\\\/schema\\\/person\\\/2e7981c97826a4941311e607c145d937\"},\"headline\":\"COPD: h\u00e4ufig \u00fcberdiagnostiziert?\",\"datePublished\":\"2019-10-28T19:42:15+00:00\",\"dateModified\":\"2019-10-28T19:42:17+00:00\",\"mainEntityOfPage\":{\"@id\":\"https:\\\/\\\/www.der-arzneimittelbrief.de\\\/nachrichten\\\/copd-haufig-uberdiagnostiziert\\\/\"},\"wordCount\":275,\"image\":{\"@id\":\"https:\\\/\\\/www.der-arzneimittelbrief.de\\\/nachrichten\\\/copd-haufig-uberdiagnostiziert\\\/#primaryimage\"},\"thumbnailUrl\":\"http:\\\/\\\/www.der-arzneimittelbrief.de\\\/nachrichten\\\/wp-content\\\/uploads\\\/2014\\\/01\\\/2_Studi_Banner_AMB_NEU.jpg\",\"inLanguage\":\"de\"},{\"@type\":\"WebPage\",\"@id\":\"https:\\\/\\\/www.der-arzneimittelbrief.de\\\/nachrichten\\\/copd-haufig-uberdiagnostiziert\\\/\",\"url\":\"https:\\\/\\\/www.der-arzneimittelbrief.de\\\/nachrichten\\\/copd-haufig-uberdiagnostiziert\\\/\",\"name\":\"COPD: h\u00e4ufig \u00fcberdiagnostiziert? - Der Arzneimittelbrief\",\"isPartOf\":{\"@id\":\"https:\\\/\\\/www.der-arzneimittelbrief.de\\\/nachrichten\\\/#website\"},\"primaryImageOfPage\":{\"@id\":\"https:\\\/\\\/www.der-arzneimittelbrief.de\\\/nachrichten\\\/copd-haufig-uberdiagnostiziert\\\/#primaryimage\"},\"image\":{\"@id\":\"https:\\\/\\\/www.der-arzneimittelbrief.de\\\/nachrichten\\\/copd-haufig-uberdiagnostiziert\\\/#primaryimage\"},\"thumbnailUrl\":\"http:\\\/\\\/www.der-arzneimittelbrief.de\\\/nachrichten\\\/wp-content\\\/uploads\\\/2014\\\/01\\\/2_Studi_Banner_AMB_NEU.jpg\",\"datePublished\":\"2019-10-28T19:42:15+00:00\",\"dateModified\":\"2019-10-28T19:42:17+00:00\",\"author\":{\"@id\":\"https:\\\/\\\/www.der-arzneimittelbrief.de\\\/nachrichten\\\/#\\\/schema\\\/person\\\/2e7981c97826a4941311e607c145d937\"},\"breadcrumb\":{\"@id\":\"https:\\\/\\\/www.der-arzneimittelbrief.de\\\/nachrichten\\\/copd-haufig-uberdiagnostiziert\\\/#breadcrumb\"},\"inLanguage\":\"de\",\"potentialAction\":[{\"@type\":\"ReadAction\",\"target\":[\"https:\\\/\\\/www.der-arzneimittelbrief.de\\\/nachrichten\\\/copd-haufig-uberdiagnostiziert\\\/\"]}]},{\"@type\":\"ImageObject\",\"inLanguage\":\"de\",\"@id\":\"https:\\\/\\\/www.der-arzneimittelbrief.de\\\/nachrichten\\\/copd-haufig-uberdiagnostiziert\\\/#primaryimage\",\"url\":\"http:\\\/\\\/www.der-arzneimittelbrief.de\\\/nachrichten\\\/wp-content\\\/uploads\\\/2014\\\/01\\\/2_Studi_Banner_AMB_NEU.jpg\",\"contentUrl\":\"http:\\\/\\\/www.der-arzneimittelbrief.de\\\/nachrichten\\\/wp-content\\\/uploads\\\/2014\\\/01\\\/2_Studi_Banner_AMB_NEU.jpg\"},{\"@type\":\"BreadcrumbList\",\"@id\":\"https:\\\/\\\/www.der-arzneimittelbrief.de\\\/nachrichten\\\/copd-haufig-uberdiagnostiziert\\\/#breadcrumb\",\"itemListElement\":[{\"@type\":\"ListItem\",\"position\":1,\"name\":\"Start\",\"item\":\"https:\\\/\\\/www.der-arzneimittelbrief.de\\\/nachrichten\\\/\"},{\"@type\":\"ListItem\",\"position\":2,\"name\":\"COPD: h\u00e4ufig \u00fcberdiagnostiziert?\"}]},{\"@type\":\"WebSite\",\"@id\":\"https:\\\/\\\/www.der-arzneimittelbrief.de\\\/nachrichten\\\/#website\",\"url\":\"https:\\\/\\\/www.der-arzneimittelbrief.de\\\/nachrichten\\\/\",\"name\":\"Der Arzneimittelbrief\",\"description\":\"Unabh\u00e4ngige Arzneimittelinformationen\",\"potentialAction\":[{\"@type\":\"SearchAction\",\"target\":{\"@type\":\"EntryPoint\",\"urlTemplate\":\"https:\\\/\\\/www.der-arzneimittelbrief.de\\\/nachrichten\\\/?s={search_term_string}\"},\"query-input\":{\"@type\":\"PropertyValueSpecification\",\"valueRequired\":true,\"valueName\":\"search_term_string\"}}],\"inLanguage\":\"de\"},{\"@type\":\"Person\",\"@id\":\"https:\\\/\\\/www.der-arzneimittelbrief.de\\\/nachrichten\\\/#\\\/schema\\\/person\\\/2e7981c97826a4941311e607c145d937\",\"name\":\"henk-amb\",\"image\":{\"@type\":\"ImageObject\",\"inLanguage\":\"de\",\"@id\":\"https:\\\/\\\/secure.gravatar.com\\\/avatar\\\/314c85e3c5c37749a415d1df0e5fe7642768dd0d2f48f8a4fea70eae9b7499fc?s=96&d=mm&r=g\",\"url\":\"https:\\\/\\\/secure.gravatar.com\\\/avatar\\\/314c85e3c5c37749a415d1df0e5fe7642768dd0d2f48f8a4fea70eae9b7499fc?s=96&d=mm&r=g\",\"contentUrl\":\"https:\\\/\\\/secure.gravatar.com\\\/avatar\\\/314c85e3c5c37749a415d1df0e5fe7642768dd0d2f48f8a4fea70eae9b7499fc?s=96&d=mm&r=g\",\"caption\":\"henk-amb\"}}]}<\/script>\n<!-- \/ Yoast SEO plugin. -->","yoast_head_json":{"title":"COPD: h\u00e4ufig \u00fcberdiagnostiziert? - Der Arzneimittelbrief","robots":{"index":"index","follow":"follow","max-snippet":"max-snippet:-1","max-image-preview":"max-image-preview:large","max-video-preview":"max-video-preview:-1"},"canonical":"https:\/\/www.der-arzneimittelbrief.de\/nachrichten\/copd-haufig-uberdiagnostiziert\/","og_locale":"de_DE","og_type":"article","og_title":"COPD: h\u00e4ufig \u00fcberdiagnostiziert? - Der Arzneimittelbrief","og_description":"AMB 2019, 53, 71b Eine retrospektive Analyse aus einer bev\u00f6lkerungsbasierten Registerstudie stellt die Diagnose COPD bei mehr als der H\u00e4lfte der betroffenen Personen in Frage (\u00dcberdiagnose) und kritisiert den \u00dcbergebrauch von Medikamenten f\u00fcr Atemwegserkrankungen. Bei knapp der H\u00e4lfte dieser Personen mit angezweifelter Diagnose wurde im Vorfeld gar keine Spirometrie durchgef\u00fchrt, und bei 61% mit Spirometrie [&hellip;]","og_url":"https:\/\/www.der-arzneimittelbrief.de\/nachrichten\/copd-haufig-uberdiagnostiziert\/","og_site_name":"Der Arzneimittelbrief","article_publisher":"http:\/\/www.facebook.com\/derarzneimittelbrief.de","article_published_time":"2019-10-28T19:42:15+00:00","article_modified_time":"2019-10-28T19:42:17+00:00","og_image":[{"url":"http:\/\/www.der-arzneimittelbrief.de\/nachrichten\/wp-content\/uploads\/2014\/01\/2_Studi_Banner_AMB_NEU.jpg","type":"","width":"","height":""}],"author":"henk-amb","twitter_misc":{"Verfasst von":"henk-amb","Gesch\u00e4tzte Lesezeit":"1\u00a0Minute"},"schema":{"@context":"https:\/\/schema.org","@graph":[{"@type":"Article","@id":"https:\/\/www.der-arzneimittelbrief.de\/nachrichten\/copd-haufig-uberdiagnostiziert\/#article","isPartOf":{"@id":"https:\/\/www.der-arzneimittelbrief.de\/nachrichten\/copd-haufig-uberdiagnostiziert\/"},"author":{"name":"henk-amb","@id":"https:\/\/www.der-arzneimittelbrief.de\/nachrichten\/#\/schema\/person\/2e7981c97826a4941311e607c145d937"},"headline":"COPD: h\u00e4ufig \u00fcberdiagnostiziert?","datePublished":"2019-10-28T19:42:15+00:00","dateModified":"2019-10-28T19:42:17+00:00","mainEntityOfPage":{"@id":"https:\/\/www.der-arzneimittelbrief.de\/nachrichten\/copd-haufig-uberdiagnostiziert\/"},"wordCount":275,"image":{"@id":"https:\/\/www.der-arzneimittelbrief.de\/nachrichten\/copd-haufig-uberdiagnostiziert\/#primaryimage"},"thumbnailUrl":"http:\/\/www.der-arzneimittelbrief.de\/nachrichten\/wp-content\/uploads\/2014\/01\/2_Studi_Banner_AMB_NEU.jpg","inLanguage":"de"},{"@type":"WebPage","@id":"https:\/\/www.der-arzneimittelbrief.de\/nachrichten\/copd-haufig-uberdiagnostiziert\/","url":"https:\/\/www.der-arzneimittelbrief.de\/nachrichten\/copd-haufig-uberdiagnostiziert\/","name":"COPD: h\u00e4ufig \u00fcberdiagnostiziert? - Der Arzneimittelbrief","isPartOf":{"@id":"https:\/\/www.der-arzneimittelbrief.de\/nachrichten\/#website"},"primaryImageOfPage":{"@id":"https:\/\/www.der-arzneimittelbrief.de\/nachrichten\/copd-haufig-uberdiagnostiziert\/#primaryimage"},"image":{"@id":"https:\/\/www.der-arzneimittelbrief.de\/nachrichten\/copd-haufig-uberdiagnostiziert\/#primaryimage"},"thumbnailUrl":"http:\/\/www.der-arzneimittelbrief.de\/nachrichten\/wp-content\/uploads\/2014\/01\/2_Studi_Banner_AMB_NEU.jpg","datePublished":"2019-10-28T19:42:15+00:00","dateModified":"2019-10-28T19:42:17+00:00","author":{"@id":"https:\/\/www.der-arzneimittelbrief.de\/nachrichten\/#\/schema\/person\/2e7981c97826a4941311e607c145d937"},"breadcrumb":{"@id":"https:\/\/www.der-arzneimittelbrief.de\/nachrichten\/copd-haufig-uberdiagnostiziert\/#breadcrumb"},"inLanguage":"de","potentialAction":[{"@type":"ReadAction","target":["https:\/\/www.der-arzneimittelbrief.de\/nachrichten\/copd-haufig-uberdiagnostiziert\/"]}]},{"@type":"ImageObject","inLanguage":"de","@id":"https:\/\/www.der-arzneimittelbrief.de\/nachrichten\/copd-haufig-uberdiagnostiziert\/#primaryimage","url":"http:\/\/www.der-arzneimittelbrief.de\/nachrichten\/wp-content\/uploads\/2014\/01\/2_Studi_Banner_AMB_NEU.jpg","contentUrl":"http:\/\/www.der-arzneimittelbrief.de\/nachrichten\/wp-content\/uploads\/2014\/01\/2_Studi_Banner_AMB_NEU.jpg"},{"@type":"BreadcrumbList","@id":"https:\/\/www.der-arzneimittelbrief.de\/nachrichten\/copd-haufig-uberdiagnostiziert\/#breadcrumb","itemListElement":[{"@type":"ListItem","position":1,"name":"Start","item":"https:\/\/www.der-arzneimittelbrief.de\/nachrichten\/"},{"@type":"ListItem","position":2,"name":"COPD: h\u00e4ufig \u00fcberdiagnostiziert?"}]},{"@type":"WebSite","@id":"https:\/\/www.der-arzneimittelbrief.de\/nachrichten\/#website","url":"https:\/\/www.der-arzneimittelbrief.de\/nachrichten\/","name":"Der Arzneimittelbrief","description":"Unabh\u00e4ngige Arzneimittelinformationen","potentialAction":[{"@type":"SearchAction","target":{"@type":"EntryPoint","urlTemplate":"https:\/\/www.der-arzneimittelbrief.de\/nachrichten\/?s={search_term_string}"},"query-input":{"@type":"PropertyValueSpecification","valueRequired":true,"valueName":"search_term_string"}}],"inLanguage":"de"},{"@type":"Person","@id":"https:\/\/www.der-arzneimittelbrief.de\/nachrichten\/#\/schema\/person\/2e7981c97826a4941311e607c145d937","name":"henk-amb","image":{"@type":"ImageObject","inLanguage":"de","@id":"https:\/\/secure.gravatar.com\/avatar\/314c85e3c5c37749a415d1df0e5fe7642768dd0d2f48f8a4fea70eae9b7499fc?s=96&d=mm&r=g","url":"https:\/\/secure.gravatar.com\/avatar\/314c85e3c5c37749a415d1df0e5fe7642768dd0d2f48f8a4fea70eae9b7499fc?s=96&d=mm&r=g","contentUrl":"https:\/\/secure.gravatar.com\/avatar\/314c85e3c5c37749a415d1df0e5fe7642768dd0d2f48f8a4fea70eae9b7499fc?s=96&d=mm&r=g","caption":"henk-amb"}}]}},"_links":{"self":[{"href":"https:\/\/www.der-arzneimittelbrief.de\/nachrichten\/api\/wp\/v2\/posts\/4812","targetHints":{"allow":["GET"]}}],"collection":[{"href":"https:\/\/www.der-arzneimittelbrief.de\/nachrichten\/api\/wp\/v2\/posts"}],"about":[{"href":"https:\/\/www.der-arzneimittelbrief.de\/nachrichten\/api\/wp\/v2\/types\/post"}],"author":[{"embeddable":true,"href":"https:\/\/www.der-arzneimittelbrief.de\/nachrichten\/api\/wp\/v2\/users\/5"}],"replies":[{"embeddable":true,"href":"https:\/\/www.der-arzneimittelbrief.de\/nachrichten\/api\/wp\/v2\/comments?post=4812"}],"version-history":[{"count":1,"href":"https:\/\/www.der-arzneimittelbrief.de\/nachrichten\/api\/wp\/v2\/posts\/4812\/revisions"}],"predecessor-version":[{"id":4813,"href":"https:\/\/www.der-arzneimittelbrief.de\/nachrichten\/api\/wp\/v2\/posts\/4812\/revisions\/4813"}],"wp:attachment":[{"href":"https:\/\/www.der-arzneimittelbrief.de\/nachrichten\/api\/wp\/v2\/media?parent=4812"}],"wp:term":[{"taxonomy":"category","embeddable":true,"href":"https:\/\/www.der-arzneimittelbrief.de\/nachrichten\/api\/wp\/v2\/categories?post=4812"},{"taxonomy":"post_tag","embeddable":true,"href":"https:\/\/www.der-arzneimittelbrief.de\/nachrichten\/api\/wp\/v2\/tags?post=4812"}],"curies":[{"name":"wp","href":"https:\/\/api.w.org\/{rel}","templated":true}]}}