{"id":4947,"date":"2020-03-27T09:29:01","date_gmt":"2020-03-27T09:29:01","guid":{"rendered":"https:\/\/www.der-arzneimittelbrief.de\/nachrichten\/?p=4947"},"modified":"2020-03-27T09:32:11","modified_gmt":"2020-03-27T09:32:11","slug":"vegane-ernahrung-und-megaloblastare-anamie-durch-vitamin-b12-mangel","status":"publish","type":"post","link":"https:\/\/www.der-arzneimittelbrief.de\/nachrichten\/vegane-ernahrung-und-megaloblastare-anamie-durch-vitamin-b12-mangel\/","title":{"rendered":"Vegane Ern\u00e4hrung und megaloblast\u00e4re An\u00e4mie durch Vitamin B12-Mangel"},"content":{"rendered":"<p>AMB 2020, 54, 16 Leserbrief: Vegane Ern\u00e4hrung und megaloblast\u00e4re An\u00e4mie durch Vitamin B12-Mangel Zur Erg\u00e4nzung unserer Kleinen Mitteilung \u201eVegane Ern\u00e4hrung als wenig beachtete Ursache einer megaloblast\u00e4ren An\u00e4mie und Psychose\u201c (1) schreibt uns Herr Prof. Dr. F. L\u00fcbbecke aus Uelzen: >> Wir fanden bei einem 8 Monate alten, ausschlie\u00dflich brustern\u00e4hrten S\u00e4ugling einer sich vegan ern\u00e4hrenden asymptomatischen [&hellip;]<\/p>\n","protected":false},"excerpt":{"rendered":"<p>AMB 2020, 54, 16 Leserbrief: Vegane Ern\u00e4hrung und megaloblast\u00e4re An\u00e4mie durch Vitamin B12-Mangel Zur Erg\u00e4nzung unserer Kleinen Mitteilung \u201eVegane Ern\u00e4hrung als wenig beachtete Ursache einer megaloblast\u00e4ren An\u00e4mie und Psychose\u201c (1) schreibt uns Herr Prof. Dr. F. L\u00fcbbecke aus Uelzen: >> Wir fanden bei einem 8 Monate alten, ausschlie\u00dflich brustern\u00e4hrten S\u00e4ugling einer sich vegan ern\u00e4hrenden asymptomatischen [&hellip;]<\/p>\n","protected":false},"author":5,"featured_media":0,"comment_status":"closed","ping_status":"closed","sticky":false,"template":"","format":"standard","meta":{"_editorskit_title_hidden":false,"_editorskit_reading_time":0,"_editorskit_is_block_options_detached":false,"_editorskit_block_options_position":"{}","footnotes":""},"categories":[1],"tags":[582,818,504,506,3246,3245,1765],"class_list":["post-4947","post","type-post","status-publish","format-standard","hentry","category-allgemein","tag-anaemie","tag-ernaehrung","tag-graviditaet","tag-schwangerschaft","tag-vegane-ernaehrung","tag-veganer","tag-vitamin-b12"],"yoast_head":"<!-- This site is optimized with the Yoast SEO plugin v27.3 - https:\/\/yoast.com\/product\/yoast-seo-wordpress\/ -->\n<title>Vegane Ern\u00e4hrung und megaloblast\u00e4re An\u00e4mie durch Vitamin B12-Mangel - Der Arzneimittelbrief<\/title>\n<meta name=\"robots\" content=\"index, follow, max-snippet:-1, max-image-preview:large, max-video-preview:-1\" \/>\n<link rel=\"canonical\" href=\"https:\/\/www.der-arzneimittelbrief.de\/nachrichten\/vegane-ernahrung-und-megaloblastare-anamie-durch-vitamin-b12-mangel\/\" \/>\n<meta property=\"og:locale\" content=\"de_DE\" \/>\n<meta property=\"og:type\" content=\"article\" \/>\n<meta property=\"og:title\" content=\"Vegane Ern\u00e4hrung und megaloblast\u00e4re An\u00e4mie durch Vitamin B12-Mangel - Der Arzneimittelbrief\" \/>\n<meta property=\"og:description\" content=\"AMB 2020, 54, 16 Leserbrief: Vegane Ern\u00e4hrung und megaloblast\u00e4re An\u00e4mie durch Vitamin B12-Mangel Zur Erg\u00e4nzung unserer Kleinen Mitteilung \u201eVegane Ern\u00e4hrung als wenig beachtete Ursache einer megaloblast\u00e4ren An\u00e4mie und Psychose\u201c (1) schreibt uns Herr Prof. Dr. F. L\u00fcbbecke aus Uelzen: &gt;&gt; Wir fanden bei einem 8 Monate alten, ausschlie\u00dflich brustern\u00e4hrten S\u00e4ugling einer sich vegan ern\u00e4hrenden asymptomatischen [&hellip;]\" \/>\n<meta property=\"og:url\" content=\"https:\/\/www.der-arzneimittelbrief.de\/nachrichten\/vegane-ernahrung-und-megaloblastare-anamie-durch-vitamin-b12-mangel\/\" \/>\n<meta property=\"og:site_name\" content=\"Der Arzneimittelbrief\" \/>\n<meta property=\"article:publisher\" content=\"http:\/\/www.facebook.com\/derarzneimittelbrief.de\" \/>\n<meta property=\"article:published_time\" content=\"2020-03-27T09:29:01+00:00\" \/>\n<meta property=\"article:modified_time\" content=\"2020-03-27T09:32:11+00:00\" \/>\n<meta property=\"og:image\" content=\"http:\/\/www.der-arzneimittelbrief.de\/nachrichten\/wp-content\/uploads\/2014\/01\/2_Studi_Banner_AMB_NEU.jpg\" \/>\n<meta name=\"author\" content=\"henk-amb\" \/>\n<meta name=\"twitter:label1\" content=\"Verfasst von\" \/>\n\t<meta name=\"twitter:data1\" content=\"henk-amb\" \/>\n\t<meta name=\"twitter:label2\" content=\"Gesch\u00e4tzte Lesezeit\" \/>\n\t<meta name=\"twitter:data2\" content=\"1\u00a0Minute\" \/>\n<script type=\"application\/ld+json\" class=\"yoast-schema-graph\">{\"@context\":\"https:\\\/\\\/schema.org\",\"@graph\":[{\"@type\":\"Article\",\"@id\":\"https:\\\/\\\/www.der-arzneimittelbrief.de\\\/nachrichten\\\/vegane-ernahrung-und-megaloblastare-anamie-durch-vitamin-b12-mangel\\\/#article\",\"isPartOf\":{\"@id\":\"https:\\\/\\\/www.der-arzneimittelbrief.de\\\/nachrichten\\\/vegane-ernahrung-und-megaloblastare-anamie-durch-vitamin-b12-mangel\\\/\"},\"author\":{\"name\":\"henk-amb\",\"@id\":\"https:\\\/\\\/www.der-arzneimittelbrief.de\\\/nachrichten\\\/#\\\/schema\\\/person\\\/2e7981c97826a4941311e607c145d937\"},\"headline\":\"Vegane Ern\u00e4hrung und megaloblast\u00e4re An\u00e4mie durch Vitamin B12-Mangel\",\"datePublished\":\"2020-03-27T09:29:01+00:00\",\"dateModified\":\"2020-03-27T09:32:11+00:00\",\"mainEntityOfPage\":{\"@id\":\"https:\\\/\\\/www.der-arzneimittelbrief.de\\\/nachrichten\\\/vegane-ernahrung-und-megaloblastare-anamie-durch-vitamin-b12-mangel\\\/\"},\"wordCount\":304,\"image\":{\"@id\":\"https:\\\/\\\/www.der-arzneimittelbrief.de\\\/nachrichten\\\/vegane-ernahrung-und-megaloblastare-anamie-durch-vitamin-b12-mangel\\\/#primaryimage\"},\"thumbnailUrl\":\"http:\\\/\\\/www.der-arzneimittelbrief.de\\\/nachrichten\\\/wp-content\\\/uploads\\\/2014\\\/01\\\/2_Studi_Banner_AMB_NEU.jpg\",\"keywords\":[\"An\u00e4mie\",\"Ern\u00e4hrung\",\"Gravidit\u00e4t\",\"Schwangerschaft\",\"Vegane Ern\u00e4hrung\",\"Veganer\",\"Vitamin B12\"],\"inLanguage\":\"de\"},{\"@type\":\"WebPage\",\"@id\":\"https:\\\/\\\/www.der-arzneimittelbrief.de\\\/nachrichten\\\/vegane-ernahrung-und-megaloblastare-anamie-durch-vitamin-b12-mangel\\\/\",\"url\":\"https:\\\/\\\/www.der-arzneimittelbrief.de\\\/nachrichten\\\/vegane-ernahrung-und-megaloblastare-anamie-durch-vitamin-b12-mangel\\\/\",\"name\":\"Vegane Ern\u00e4hrung und megaloblast\u00e4re An\u00e4mie durch Vitamin B12-Mangel - Der Arzneimittelbrief\",\"isPartOf\":{\"@id\":\"https:\\\/\\\/www.der-arzneimittelbrief.de\\\/nachrichten\\\/#website\"},\"primaryImageOfPage\":{\"@id\":\"https:\\\/\\\/www.der-arzneimittelbrief.de\\\/nachrichten\\\/vegane-ernahrung-und-megaloblastare-anamie-durch-vitamin-b12-mangel\\\/#primaryimage\"},\"image\":{\"@id\":\"https:\\\/\\\/www.der-arzneimittelbrief.de\\\/nachrichten\\\/vegane-ernahrung-und-megaloblastare-anamie-durch-vitamin-b12-mangel\\\/#primaryimage\"},\"thumbnailUrl\":\"http:\\\/\\\/www.der-arzneimittelbrief.de\\\/nachrichten\\\/wp-content\\\/uploads\\\/2014\\\/01\\\/2_Studi_Banner_AMB_NEU.jpg\",\"datePublished\":\"2020-03-27T09:29:01+00:00\",\"dateModified\":\"2020-03-27T09:32:11+00:00\",\"author\":{\"@id\":\"https:\\\/\\\/www.der-arzneimittelbrief.de\\\/nachrichten\\\/#\\\/schema\\\/person\\\/2e7981c97826a4941311e607c145d937\"},\"breadcrumb\":{\"@id\":\"https:\\\/\\\/www.der-arzneimittelbrief.de\\\/nachrichten\\\/vegane-ernahrung-und-megaloblastare-anamie-durch-vitamin-b12-mangel\\\/#breadcrumb\"},\"inLanguage\":\"de\",\"potentialAction\":[{\"@type\":\"ReadAction\",\"target\":[\"https:\\\/\\\/www.der-arzneimittelbrief.de\\\/nachrichten\\\/vegane-ernahrung-und-megaloblastare-anamie-durch-vitamin-b12-mangel\\\/\"]}]},{\"@type\":\"ImageObject\",\"inLanguage\":\"de\",\"@id\":\"https:\\\/\\\/www.der-arzneimittelbrief.de\\\/nachrichten\\\/vegane-ernahrung-und-megaloblastare-anamie-durch-vitamin-b12-mangel\\\/#primaryimage\",\"url\":\"http:\\\/\\\/www.der-arzneimittelbrief.de\\\/nachrichten\\\/wp-content\\\/uploads\\\/2014\\\/01\\\/2_Studi_Banner_AMB_NEU.jpg\",\"contentUrl\":\"http:\\\/\\\/www.der-arzneimittelbrief.de\\\/nachrichten\\\/wp-content\\\/uploads\\\/2014\\\/01\\\/2_Studi_Banner_AMB_NEU.jpg\"},{\"@type\":\"BreadcrumbList\",\"@id\":\"https:\\\/\\\/www.der-arzneimittelbrief.de\\\/nachrichten\\\/vegane-ernahrung-und-megaloblastare-anamie-durch-vitamin-b12-mangel\\\/#breadcrumb\",\"itemListElement\":[{\"@type\":\"ListItem\",\"position\":1,\"name\":\"Start\",\"item\":\"https:\\\/\\\/www.der-arzneimittelbrief.de\\\/nachrichten\\\/\"},{\"@type\":\"ListItem\",\"position\":2,\"name\":\"Vegane Ern\u00e4hrung und megaloblast\u00e4re An\u00e4mie durch Vitamin B12-Mangel\"}]},{\"@type\":\"WebSite\",\"@id\":\"https:\\\/\\\/www.der-arzneimittelbrief.de\\\/nachrichten\\\/#website\",\"url\":\"https:\\\/\\\/www.der-arzneimittelbrief.de\\\/nachrichten\\\/\",\"name\":\"Der Arzneimittelbrief\",\"description\":\"Unabh\u00e4ngige Arzneimittelinformationen\",\"potentialAction\":[{\"@type\":\"SearchAction\",\"target\":{\"@type\":\"EntryPoint\",\"urlTemplate\":\"https:\\\/\\\/www.der-arzneimittelbrief.de\\\/nachrichten\\\/?s={search_term_string}\"},\"query-input\":{\"@type\":\"PropertyValueSpecification\",\"valueRequired\":true,\"valueName\":\"search_term_string\"}}],\"inLanguage\":\"de\"},{\"@type\":\"Person\",\"@id\":\"https:\\\/\\\/www.der-arzneimittelbrief.de\\\/nachrichten\\\/#\\\/schema\\\/person\\\/2e7981c97826a4941311e607c145d937\",\"name\":\"henk-amb\",\"image\":{\"@type\":\"ImageObject\",\"inLanguage\":\"de\",\"@id\":\"https:\\\/\\\/secure.gravatar.com\\\/avatar\\\/314c85e3c5c37749a415d1df0e5fe7642768dd0d2f48f8a4fea70eae9b7499fc?s=96&d=mm&r=g\",\"url\":\"https:\\\/\\\/secure.gravatar.com\\\/avatar\\\/314c85e3c5c37749a415d1df0e5fe7642768dd0d2f48f8a4fea70eae9b7499fc?s=96&d=mm&r=g\",\"contentUrl\":\"https:\\\/\\\/secure.gravatar.com\\\/avatar\\\/314c85e3c5c37749a415d1df0e5fe7642768dd0d2f48f8a4fea70eae9b7499fc?s=96&d=mm&r=g\",\"caption\":\"henk-amb\"}}]}<\/script>\n<!-- \/ Yoast SEO plugin. -->","yoast_head_json":{"title":"Vegane Ern\u00e4hrung und megaloblast\u00e4re An\u00e4mie durch Vitamin B12-Mangel - Der Arzneimittelbrief","robots":{"index":"index","follow":"follow","max-snippet":"max-snippet:-1","max-image-preview":"max-image-preview:large","max-video-preview":"max-video-preview:-1"},"canonical":"https:\/\/www.der-arzneimittelbrief.de\/nachrichten\/vegane-ernahrung-und-megaloblastare-anamie-durch-vitamin-b12-mangel\/","og_locale":"de_DE","og_type":"article","og_title":"Vegane Ern\u00e4hrung und megaloblast\u00e4re An\u00e4mie durch Vitamin B12-Mangel - Der Arzneimittelbrief","og_description":"AMB 2020, 54, 16 Leserbrief: Vegane Ern\u00e4hrung und megaloblast\u00e4re An\u00e4mie durch Vitamin B12-Mangel Zur Erg\u00e4nzung unserer Kleinen Mitteilung \u201eVegane Ern\u00e4hrung als wenig beachtete Ursache einer megaloblast\u00e4ren An\u00e4mie und Psychose\u201c (1) schreibt uns Herr Prof. Dr. F. L\u00fcbbecke aus Uelzen: >> Wir fanden bei einem 8 Monate alten, ausschlie\u00dflich brustern\u00e4hrten S\u00e4ugling einer sich vegan ern\u00e4hrenden asymptomatischen [&hellip;]","og_url":"https:\/\/www.der-arzneimittelbrief.de\/nachrichten\/vegane-ernahrung-und-megaloblastare-anamie-durch-vitamin-b12-mangel\/","og_site_name":"Der Arzneimittelbrief","article_publisher":"http:\/\/www.facebook.com\/derarzneimittelbrief.de","article_published_time":"2020-03-27T09:29:01+00:00","article_modified_time":"2020-03-27T09:32:11+00:00","og_image":[{"url":"http:\/\/www.der-arzneimittelbrief.de\/nachrichten\/wp-content\/uploads\/2014\/01\/2_Studi_Banner_AMB_NEU.jpg","type":"","width":"","height":""}],"author":"henk-amb","twitter_misc":{"Verfasst von":"henk-amb","Gesch\u00e4tzte Lesezeit":"1\u00a0Minute"},"schema":{"@context":"https:\/\/schema.org","@graph":[{"@type":"Article","@id":"https:\/\/www.der-arzneimittelbrief.de\/nachrichten\/vegane-ernahrung-und-megaloblastare-anamie-durch-vitamin-b12-mangel\/#article","isPartOf":{"@id":"https:\/\/www.der-arzneimittelbrief.de\/nachrichten\/vegane-ernahrung-und-megaloblastare-anamie-durch-vitamin-b12-mangel\/"},"author":{"name":"henk-amb","@id":"https:\/\/www.der-arzneimittelbrief.de\/nachrichten\/#\/schema\/person\/2e7981c97826a4941311e607c145d937"},"headline":"Vegane Ern\u00e4hrung und megaloblast\u00e4re An\u00e4mie durch Vitamin B12-Mangel","datePublished":"2020-03-27T09:29:01+00:00","dateModified":"2020-03-27T09:32:11+00:00","mainEntityOfPage":{"@id":"https:\/\/www.der-arzneimittelbrief.de\/nachrichten\/vegane-ernahrung-und-megaloblastare-anamie-durch-vitamin-b12-mangel\/"},"wordCount":304,"image":{"@id":"https:\/\/www.der-arzneimittelbrief.de\/nachrichten\/vegane-ernahrung-und-megaloblastare-anamie-durch-vitamin-b12-mangel\/#primaryimage"},"thumbnailUrl":"http:\/\/www.der-arzneimittelbrief.de\/nachrichten\/wp-content\/uploads\/2014\/01\/2_Studi_Banner_AMB_NEU.jpg","keywords":["An\u00e4mie","Ern\u00e4hrung","Gravidit\u00e4t","Schwangerschaft","Vegane Ern\u00e4hrung","Veganer","Vitamin B12"],"inLanguage":"de"},{"@type":"WebPage","@id":"https:\/\/www.der-arzneimittelbrief.de\/nachrichten\/vegane-ernahrung-und-megaloblastare-anamie-durch-vitamin-b12-mangel\/","url":"https:\/\/www.der-arzneimittelbrief.de\/nachrichten\/vegane-ernahrung-und-megaloblastare-anamie-durch-vitamin-b12-mangel\/","name":"Vegane Ern\u00e4hrung und megaloblast\u00e4re An\u00e4mie durch Vitamin B12-Mangel - Der Arzneimittelbrief","isPartOf":{"@id":"https:\/\/www.der-arzneimittelbrief.de\/nachrichten\/#website"},"primaryImageOfPage":{"@id":"https:\/\/www.der-arzneimittelbrief.de\/nachrichten\/vegane-ernahrung-und-megaloblastare-anamie-durch-vitamin-b12-mangel\/#primaryimage"},"image":{"@id":"https:\/\/www.der-arzneimittelbrief.de\/nachrichten\/vegane-ernahrung-und-megaloblastare-anamie-durch-vitamin-b12-mangel\/#primaryimage"},"thumbnailUrl":"http:\/\/www.der-arzneimittelbrief.de\/nachrichten\/wp-content\/uploads\/2014\/01\/2_Studi_Banner_AMB_NEU.jpg","datePublished":"2020-03-27T09:29:01+00:00","dateModified":"2020-03-27T09:32:11+00:00","author":{"@id":"https:\/\/www.der-arzneimittelbrief.de\/nachrichten\/#\/schema\/person\/2e7981c97826a4941311e607c145d937"},"breadcrumb":{"@id":"https:\/\/www.der-arzneimittelbrief.de\/nachrichten\/vegane-ernahrung-und-megaloblastare-anamie-durch-vitamin-b12-mangel\/#breadcrumb"},"inLanguage":"de","potentialAction":[{"@type":"ReadAction","target":["https:\/\/www.der-arzneimittelbrief.de\/nachrichten\/vegane-ernahrung-und-megaloblastare-anamie-durch-vitamin-b12-mangel\/"]}]},{"@type":"ImageObject","inLanguage":"de","@id":"https:\/\/www.der-arzneimittelbrief.de\/nachrichten\/vegane-ernahrung-und-megaloblastare-anamie-durch-vitamin-b12-mangel\/#primaryimage","url":"http:\/\/www.der-arzneimittelbrief.de\/nachrichten\/wp-content\/uploads\/2014\/01\/2_Studi_Banner_AMB_NEU.jpg","contentUrl":"http:\/\/www.der-arzneimittelbrief.de\/nachrichten\/wp-content\/uploads\/2014\/01\/2_Studi_Banner_AMB_NEU.jpg"},{"@type":"BreadcrumbList","@id":"https:\/\/www.der-arzneimittelbrief.de\/nachrichten\/vegane-ernahrung-und-megaloblastare-anamie-durch-vitamin-b12-mangel\/#breadcrumb","itemListElement":[{"@type":"ListItem","position":1,"name":"Start","item":"https:\/\/www.der-arzneimittelbrief.de\/nachrichten\/"},{"@type":"ListItem","position":2,"name":"Vegane Ern\u00e4hrung und megaloblast\u00e4re An\u00e4mie durch Vitamin B12-Mangel"}]},{"@type":"WebSite","@id":"https:\/\/www.der-arzneimittelbrief.de\/nachrichten\/#website","url":"https:\/\/www.der-arzneimittelbrief.de\/nachrichten\/","name":"Der Arzneimittelbrief","description":"Unabh\u00e4ngige Arzneimittelinformationen","potentialAction":[{"@type":"SearchAction","target":{"@type":"EntryPoint","urlTemplate":"https:\/\/www.der-arzneimittelbrief.de\/nachrichten\/?s={search_term_string}"},"query-input":{"@type":"PropertyValueSpecification","valueRequired":true,"valueName":"search_term_string"}}],"inLanguage":"de"},{"@type":"Person","@id":"https:\/\/www.der-arzneimittelbrief.de\/nachrichten\/#\/schema\/person\/2e7981c97826a4941311e607c145d937","name":"henk-amb","image":{"@type":"ImageObject","inLanguage":"de","@id":"https:\/\/secure.gravatar.com\/avatar\/314c85e3c5c37749a415d1df0e5fe7642768dd0d2f48f8a4fea70eae9b7499fc?s=96&d=mm&r=g","url":"https:\/\/secure.gravatar.com\/avatar\/314c85e3c5c37749a415d1df0e5fe7642768dd0d2f48f8a4fea70eae9b7499fc?s=96&d=mm&r=g","contentUrl":"https:\/\/secure.gravatar.com\/avatar\/314c85e3c5c37749a415d1df0e5fe7642768dd0d2f48f8a4fea70eae9b7499fc?s=96&d=mm&r=g","caption":"henk-amb"}}]}},"_links":{"self":[{"href":"https:\/\/www.der-arzneimittelbrief.de\/nachrichten\/api\/wp\/v2\/posts\/4947","targetHints":{"allow":["GET"]}}],"collection":[{"href":"https:\/\/www.der-arzneimittelbrief.de\/nachrichten\/api\/wp\/v2\/posts"}],"about":[{"href":"https:\/\/www.der-arzneimittelbrief.de\/nachrichten\/api\/wp\/v2\/types\/post"}],"author":[{"embeddable":true,"href":"https:\/\/www.der-arzneimittelbrief.de\/nachrichten\/api\/wp\/v2\/users\/5"}],"replies":[{"embeddable":true,"href":"https:\/\/www.der-arzneimittelbrief.de\/nachrichten\/api\/wp\/v2\/comments?post=4947"}],"version-history":[{"count":5,"href":"https:\/\/www.der-arzneimittelbrief.de\/nachrichten\/api\/wp\/v2\/posts\/4947\/revisions"}],"predecessor-version":[{"id":4954,"href":"https:\/\/www.der-arzneimittelbrief.de\/nachrichten\/api\/wp\/v2\/posts\/4947\/revisions\/4954"}],"wp:attachment":[{"href":"https:\/\/www.der-arzneimittelbrief.de\/nachrichten\/api\/wp\/v2\/media?parent=4947"}],"wp:term":[{"taxonomy":"category","embeddable":true,"href":"https:\/\/www.der-arzneimittelbrief.de\/nachrichten\/api\/wp\/v2\/categories?post=4947"},{"taxonomy":"post_tag","embeddable":true,"href":"https:\/\/www.der-arzneimittelbrief.de\/nachrichten\/api\/wp\/v2\/tags?post=4947"}],"curies":[{"name":"wp","href":"https:\/\/api.w.org\/{rel}","templated":true}]}}