{"id":5011,"date":"2020-05-09T09:09:45","date_gmt":"2020-05-09T09:09:45","guid":{"rendered":"https:\/\/www.der-arzneimittelbrief.de\/nachrichten\/?p=5011"},"modified":"2020-05-09T09:09:47","modified_gmt":"2020-05-09T09:09:47","slug":"aus-dem-archiv","status":"publish","type":"post","link":"https:\/\/www.der-arzneimittelbrief.de\/nachrichten\/aus-dem-archiv\/","title":{"rendered":"Aus dem Archiv"},"content":{"rendered":"<p>Antidepressiva und Antipsychotika: Auswirkungen auf K\u00f6rpergewicht und Metabolismus Viele Antidepressiva f\u00fchren zu Gewichtzunahmen um durchschnittlich 2-3kg und einzelne Antipsychotika bis zu 18kg bei l\u00e4ngerer Einnahme. Die Folgen sind metabolische Verwerfungen mit vielfachen gesundheitlichen Folgeproblemen.&nbsp;Bei der Indizierung und Auswahl der Wirkstoffe sollte daher auch der metabolische Status der Patienten mitber\u00fccksichtigt werden. Zu Beginn und w\u00e4hrend der [&hellip;]<\/p>\n","protected":false},"excerpt":{"rendered":"<p>Antidepressiva und Antipsychotika: Auswirkungen auf K\u00f6rpergewicht und Metabolismus Viele Antidepressiva f\u00fchren zu Gewichtzunahmen um durchschnittlich 2-3kg und einzelne Antipsychotika bis zu 18kg bei l\u00e4ngerer Einnahme. Die Folgen sind metabolische Verwerfungen mit vielfachen gesundheitlichen Folgeproblemen.&nbsp;Bei der Indizierung und Auswahl der Wirkstoffe sollte daher auch der metabolische Status der Patienten mitber\u00fccksichtigt werden. Zu Beginn und w\u00e4hrend der [&hellip;]<\/p>\n","protected":false},"author":2,"featured_media":0,"comment_status":"closed","ping_status":"closed","sticky":false,"template":"","format":"standard","meta":{"_editorskit_title_hidden":false,"_editorskit_reading_time":0,"_editorskit_is_block_options_detached":false,"_editorskit_block_options_position":"{}","footnotes":""},"categories":[1],"tags":[],"class_list":["post-5011","post","type-post","status-publish","format-standard","hentry","category-allgemein"],"yoast_head":"<!-- This site is optimized with the Yoast SEO plugin v27.3 - https:\/\/yoast.com\/product\/yoast-seo-wordpress\/ -->\n<title>Aus dem Archiv - Der Arzneimittelbrief<\/title>\n<meta name=\"robots\" content=\"index, follow, max-snippet:-1, max-image-preview:large, max-video-preview:-1\" \/>\n<link rel=\"canonical\" href=\"https:\/\/www.der-arzneimittelbrief.de\/nachrichten\/aus-dem-archiv\/\" \/>\n<meta property=\"og:locale\" content=\"de_DE\" \/>\n<meta property=\"og:type\" content=\"article\" \/>\n<meta property=\"og:title\" content=\"Aus dem Archiv - Der Arzneimittelbrief\" \/>\n<meta property=\"og:description\" content=\"Antidepressiva und Antipsychotika: Auswirkungen auf K\u00f6rpergewicht und Metabolismus Viele Antidepressiva f\u00fchren zu Gewichtzunahmen um durchschnittlich 2-3kg und einzelne Antipsychotika bis zu 18kg bei l\u00e4ngerer Einnahme. Die Folgen sind metabolische Verwerfungen mit vielfachen gesundheitlichen Folgeproblemen.&nbsp;Bei der Indizierung und Auswahl der Wirkstoffe sollte daher auch der metabolische Status der Patienten mitber\u00fccksichtigt werden. Zu Beginn und w\u00e4hrend der [&hellip;]\" \/>\n<meta property=\"og:url\" content=\"https:\/\/www.der-arzneimittelbrief.de\/nachrichten\/aus-dem-archiv\/\" \/>\n<meta property=\"og:site_name\" content=\"Der Arzneimittelbrief\" \/>\n<meta property=\"article:publisher\" content=\"http:\/\/www.facebook.com\/derarzneimittelbrief.de\" \/>\n<meta property=\"article:published_time\" content=\"2020-05-09T09:09:45+00:00\" \/>\n<meta property=\"article:modified_time\" content=\"2020-05-09T09:09:47+00:00\" \/>\n<meta property=\"og:image\" content=\"http:\/\/www.der-arzneimittelbrief.de\/nachrichten\/wp-content\/uploads\/2012\/06\/logo_amb_neu.jpg\" \/>\n<meta name=\"author\" content=\"NBF\" \/>\n<meta name=\"twitter:label1\" content=\"Verfasst von\" \/>\n\t<meta name=\"twitter:data1\" content=\"NBF\" \/>\n\t<meta name=\"twitter:label2\" content=\"Gesch\u00e4tzte Lesezeit\" \/>\n\t<meta name=\"twitter:data2\" content=\"5\u00a0Minuten\" \/>\n<script type=\"application\/ld+json\" class=\"yoast-schema-graph\">{\"@context\":\"https:\\\/\\\/schema.org\",\"@graph\":[{\"@type\":\"Article\",\"@id\":\"https:\\\/\\\/www.der-arzneimittelbrief.de\\\/nachrichten\\\/aus-dem-archiv\\\/#article\",\"isPartOf\":{\"@id\":\"https:\\\/\\\/www.der-arzneimittelbrief.de\\\/nachrichten\\\/aus-dem-archiv\\\/\"},\"author\":{\"name\":\"NBF\",\"@id\":\"https:\\\/\\\/www.der-arzneimittelbrief.de\\\/nachrichten\\\/#\\\/schema\\\/person\\\/0be2a0edbca5eeb8b297cd04e33dd361\"},\"headline\":\"Aus dem Archiv\",\"datePublished\":\"2020-05-09T09:09:45+00:00\",\"dateModified\":\"2020-05-09T09:09:47+00:00\",\"mainEntityOfPage\":{\"@id\":\"https:\\\/\\\/www.der-arzneimittelbrief.de\\\/nachrichten\\\/aus-dem-archiv\\\/\"},\"wordCount\":935,\"inLanguage\":\"de\"},{\"@type\":\"WebPage\",\"@id\":\"https:\\\/\\\/www.der-arzneimittelbrief.de\\\/nachrichten\\\/aus-dem-archiv\\\/\",\"url\":\"https:\\\/\\\/www.der-arzneimittelbrief.de\\\/nachrichten\\\/aus-dem-archiv\\\/\",\"name\":\"Aus dem Archiv - Der Arzneimittelbrief\",\"isPartOf\":{\"@id\":\"https:\\\/\\\/www.der-arzneimittelbrief.de\\\/nachrichten\\\/#website\"},\"datePublished\":\"2020-05-09T09:09:45+00:00\",\"dateModified\":\"2020-05-09T09:09:47+00:00\",\"author\":{\"@id\":\"https:\\\/\\\/www.der-arzneimittelbrief.de\\\/nachrichten\\\/#\\\/schema\\\/person\\\/0be2a0edbca5eeb8b297cd04e33dd361\"},\"breadcrumb\":{\"@id\":\"https:\\\/\\\/www.der-arzneimittelbrief.de\\\/nachrichten\\\/aus-dem-archiv\\\/#breadcrumb\"},\"inLanguage\":\"de\",\"potentialAction\":[{\"@type\":\"ReadAction\",\"target\":[\"https:\\\/\\\/www.der-arzneimittelbrief.de\\\/nachrichten\\\/aus-dem-archiv\\\/\"]}]},{\"@type\":\"BreadcrumbList\",\"@id\":\"https:\\\/\\\/www.der-arzneimittelbrief.de\\\/nachrichten\\\/aus-dem-archiv\\\/#breadcrumb\",\"itemListElement\":[{\"@type\":\"ListItem\",\"position\":1,\"name\":\"Start\",\"item\":\"https:\\\/\\\/www.der-arzneimittelbrief.de\\\/nachrichten\\\/\"},{\"@type\":\"ListItem\",\"position\":2,\"name\":\"Aus dem Archiv\"}]},{\"@type\":\"WebSite\",\"@id\":\"https:\\\/\\\/www.der-arzneimittelbrief.de\\\/nachrichten\\\/#website\",\"url\":\"https:\\\/\\\/www.der-arzneimittelbrief.de\\\/nachrichten\\\/\",\"name\":\"Der Arzneimittelbrief\",\"description\":\"Unabh\u00e4ngige Arzneimittelinformationen\",\"potentialAction\":[{\"@type\":\"SearchAction\",\"target\":{\"@type\":\"EntryPoint\",\"urlTemplate\":\"https:\\\/\\\/www.der-arzneimittelbrief.de\\\/nachrichten\\\/?s={search_term_string}\"},\"query-input\":{\"@type\":\"PropertyValueSpecification\",\"valueRequired\":true,\"valueName\":\"search_term_string\"}}],\"inLanguage\":\"de\"},{\"@type\":\"Person\",\"@id\":\"https:\\\/\\\/www.der-arzneimittelbrief.de\\\/nachrichten\\\/#\\\/schema\\\/person\\\/0be2a0edbca5eeb8b297cd04e33dd361\",\"name\":\"NBF\",\"image\":{\"@type\":\"ImageObject\",\"inLanguage\":\"de\",\"@id\":\"https:\\\/\\\/secure.gravatar.com\\\/avatar\\\/4a927f09adb02a660fe4d21c45113498c199505b1b4442412daaba18369777c1?s=96&d=mm&r=g\",\"url\":\"https:\\\/\\\/secure.gravatar.com\\\/avatar\\\/4a927f09adb02a660fe4d21c45113498c199505b1b4442412daaba18369777c1?s=96&d=mm&r=g\",\"contentUrl\":\"https:\\\/\\\/secure.gravatar.com\\\/avatar\\\/4a927f09adb02a660fe4d21c45113498c199505b1b4442412daaba18369777c1?s=96&d=mm&r=g\",\"caption\":\"NBF\"}}]}<\/script>\n<!-- \/ Yoast SEO plugin. -->","yoast_head_json":{"title":"Aus dem Archiv - Der Arzneimittelbrief","robots":{"index":"index","follow":"follow","max-snippet":"max-snippet:-1","max-image-preview":"max-image-preview:large","max-video-preview":"max-video-preview:-1"},"canonical":"https:\/\/www.der-arzneimittelbrief.de\/nachrichten\/aus-dem-archiv\/","og_locale":"de_DE","og_type":"article","og_title":"Aus dem Archiv - Der Arzneimittelbrief","og_description":"Antidepressiva und Antipsychotika: Auswirkungen auf K\u00f6rpergewicht und Metabolismus Viele Antidepressiva f\u00fchren zu Gewichtzunahmen um durchschnittlich 2-3kg und einzelne Antipsychotika bis zu 18kg bei l\u00e4ngerer Einnahme. Die Folgen sind metabolische Verwerfungen mit vielfachen gesundheitlichen Folgeproblemen.&nbsp;Bei der Indizierung und Auswahl der Wirkstoffe sollte daher auch der metabolische Status der Patienten mitber\u00fccksichtigt werden. Zu Beginn und w\u00e4hrend der [&hellip;]","og_url":"https:\/\/www.der-arzneimittelbrief.de\/nachrichten\/aus-dem-archiv\/","og_site_name":"Der Arzneimittelbrief","article_publisher":"http:\/\/www.facebook.com\/derarzneimittelbrief.de","article_published_time":"2020-05-09T09:09:45+00:00","article_modified_time":"2020-05-09T09:09:47+00:00","og_image":[{"url":"http:\/\/www.der-arzneimittelbrief.de\/nachrichten\/wp-content\/uploads\/2012\/06\/logo_amb_neu.jpg","type":"","width":"","height":""}],"author":"NBF","twitter_misc":{"Verfasst von":"NBF","Gesch\u00e4tzte Lesezeit":"5\u00a0Minuten"},"schema":{"@context":"https:\/\/schema.org","@graph":[{"@type":"Article","@id":"https:\/\/www.der-arzneimittelbrief.de\/nachrichten\/aus-dem-archiv\/#article","isPartOf":{"@id":"https:\/\/www.der-arzneimittelbrief.de\/nachrichten\/aus-dem-archiv\/"},"author":{"name":"NBF","@id":"https:\/\/www.der-arzneimittelbrief.de\/nachrichten\/#\/schema\/person\/0be2a0edbca5eeb8b297cd04e33dd361"},"headline":"Aus dem Archiv","datePublished":"2020-05-09T09:09:45+00:00","dateModified":"2020-05-09T09:09:47+00:00","mainEntityOfPage":{"@id":"https:\/\/www.der-arzneimittelbrief.de\/nachrichten\/aus-dem-archiv\/"},"wordCount":935,"inLanguage":"de"},{"@type":"WebPage","@id":"https:\/\/www.der-arzneimittelbrief.de\/nachrichten\/aus-dem-archiv\/","url":"https:\/\/www.der-arzneimittelbrief.de\/nachrichten\/aus-dem-archiv\/","name":"Aus dem Archiv - Der Arzneimittelbrief","isPartOf":{"@id":"https:\/\/www.der-arzneimittelbrief.de\/nachrichten\/#website"},"datePublished":"2020-05-09T09:09:45+00:00","dateModified":"2020-05-09T09:09:47+00:00","author":{"@id":"https:\/\/www.der-arzneimittelbrief.de\/nachrichten\/#\/schema\/person\/0be2a0edbca5eeb8b297cd04e33dd361"},"breadcrumb":{"@id":"https:\/\/www.der-arzneimittelbrief.de\/nachrichten\/aus-dem-archiv\/#breadcrumb"},"inLanguage":"de","potentialAction":[{"@type":"ReadAction","target":["https:\/\/www.der-arzneimittelbrief.de\/nachrichten\/aus-dem-archiv\/"]}]},{"@type":"BreadcrumbList","@id":"https:\/\/www.der-arzneimittelbrief.de\/nachrichten\/aus-dem-archiv\/#breadcrumb","itemListElement":[{"@type":"ListItem","position":1,"name":"Start","item":"https:\/\/www.der-arzneimittelbrief.de\/nachrichten\/"},{"@type":"ListItem","position":2,"name":"Aus dem Archiv"}]},{"@type":"WebSite","@id":"https:\/\/www.der-arzneimittelbrief.de\/nachrichten\/#website","url":"https:\/\/www.der-arzneimittelbrief.de\/nachrichten\/","name":"Der Arzneimittelbrief","description":"Unabh\u00e4ngige Arzneimittelinformationen","potentialAction":[{"@type":"SearchAction","target":{"@type":"EntryPoint","urlTemplate":"https:\/\/www.der-arzneimittelbrief.de\/nachrichten\/?s={search_term_string}"},"query-input":{"@type":"PropertyValueSpecification","valueRequired":true,"valueName":"search_term_string"}}],"inLanguage":"de"},{"@type":"Person","@id":"https:\/\/www.der-arzneimittelbrief.de\/nachrichten\/#\/schema\/person\/0be2a0edbca5eeb8b297cd04e33dd361","name":"NBF","image":{"@type":"ImageObject","inLanguage":"de","@id":"https:\/\/secure.gravatar.com\/avatar\/4a927f09adb02a660fe4d21c45113498c199505b1b4442412daaba18369777c1?s=96&d=mm&r=g","url":"https:\/\/secure.gravatar.com\/avatar\/4a927f09adb02a660fe4d21c45113498c199505b1b4442412daaba18369777c1?s=96&d=mm&r=g","contentUrl":"https:\/\/secure.gravatar.com\/avatar\/4a927f09adb02a660fe4d21c45113498c199505b1b4442412daaba18369777c1?s=96&d=mm&r=g","caption":"NBF"}}]}},"_links":{"self":[{"href":"https:\/\/www.der-arzneimittelbrief.de\/nachrichten\/api\/wp\/v2\/posts\/5011","targetHints":{"allow":["GET"]}}],"collection":[{"href":"https:\/\/www.der-arzneimittelbrief.de\/nachrichten\/api\/wp\/v2\/posts"}],"about":[{"href":"https:\/\/www.der-arzneimittelbrief.de\/nachrichten\/api\/wp\/v2\/types\/post"}],"author":[{"embeddable":true,"href":"https:\/\/www.der-arzneimittelbrief.de\/nachrichten\/api\/wp\/v2\/users\/2"}],"replies":[{"embeddable":true,"href":"https:\/\/www.der-arzneimittelbrief.de\/nachrichten\/api\/wp\/v2\/comments?post=5011"}],"version-history":[{"count":1,"href":"https:\/\/www.der-arzneimittelbrief.de\/nachrichten\/api\/wp\/v2\/posts\/5011\/revisions"}],"predecessor-version":[{"id":5012,"href":"https:\/\/www.der-arzneimittelbrief.de\/nachrichten\/api\/wp\/v2\/posts\/5011\/revisions\/5012"}],"wp:attachment":[{"href":"https:\/\/www.der-arzneimittelbrief.de\/nachrichten\/api\/wp\/v2\/media?parent=5011"}],"wp:term":[{"taxonomy":"category","embeddable":true,"href":"https:\/\/www.der-arzneimittelbrief.de\/nachrichten\/api\/wp\/v2\/categories?post=5011"},{"taxonomy":"post_tag","embeddable":true,"href":"https:\/\/www.der-arzneimittelbrief.de\/nachrichten\/api\/wp\/v2\/tags?post=5011"}],"curies":[{"name":"wp","href":"https:\/\/api.w.org\/{rel}","templated":true}]}}