{"id":5218,"date":"2020-12-18T11:05:06","date_gmt":"2020-12-18T11:05:06","guid":{"rendered":"https:\/\/www.der-arzneimittelbrief.de\/nachrichten\/?p=5218"},"modified":"2020-12-18T11:14:36","modified_gmt":"2020-12-18T11:14:36","slug":"update-zur-therapeutischen-entscheidung-rhythmus-oder-frequenzkontrolle-2","status":"publish","type":"post","link":"https:\/\/www.der-arzneimittelbrief.de\/nachrichten\/update-zur-therapeutischen-entscheidung-rhythmus-oder-frequenzkontrolle-2\/","title":{"rendered":"Vorhofflimmern: Update zur therapeutischen Entscheidung Rhythmus- oder Frequenzkontrolle"},"content":{"rendered":"<p>AMB 2020, 54, 77 Erstmals konnte in einer Interventionsstudie bei fr\u00fchem Vorhofflimmern (Vofli) ein kleiner klinischer Vorteil einer Rhythmus-erhaltenden gegen\u00fcber einer Frequenz-kontrollierenden Strategie nachgewiesen werden. Dem Nutzen beim kombinierten prim\u00e4ren Endpunkt \u201ekardiovaskul\u00e4rer Tod, Schlaganfall oder Krankenhausaufnahme wegen Herzinsuffizienz und akutem Koronarsyndrom\u201c, der unseres Erachtens sehr st\u00f6ranf\u00e4llig ist, steht jedoch ein deutlich h\u00f6heres Risiko f\u00fcr unerw\u00fcnschte, [&hellip;]<\/p>\n","protected":false},"excerpt":{"rendered":"<p>AMB 2020, 54, 77 Erstmals konnte in einer Interventionsstudie bei fr\u00fchem Vorhofflimmern (Vofli) ein kleiner klinischer Vorteil einer Rhythmus-erhaltenden gegen\u00fcber einer Frequenz-kontrollierenden Strategie nachgewiesen werden. Dem Nutzen beim kombinierten prim\u00e4ren Endpunkt \u201ekardiovaskul\u00e4rer Tod, Schlaganfall oder Krankenhausaufnahme wegen Herzinsuffizienz und akutem Koronarsyndrom\u201c, der unseres Erachtens sehr st\u00f6ranf\u00e4llig ist, steht jedoch ein deutlich h\u00f6heres Risiko f\u00fcr unerw\u00fcnschte, [&hellip;]<\/p>\n","protected":false},"author":5,"featured_media":0,"comment_status":"closed","ping_status":"closed","sticky":false,"template":"","format":"standard","meta":{"_editorskit_title_hidden":false,"_editorskit_reading_time":0,"_editorskit_is_block_options_detached":false,"_editorskit_block_options_position":"{}","footnotes":""},"categories":[1],"tags":[],"class_list":["post-5218","post","type-post","status-publish","format-standard","hentry","category-allgemein"],"yoast_head":"<!-- This site is optimized with the Yoast SEO plugin v27.3 - https:\/\/yoast.com\/product\/yoast-seo-wordpress\/ -->\n<title>Vorhofflimmern: Update zur therapeutischen Entscheidung Rhythmus- oder Frequenzkontrolle - Der Arzneimittelbrief<\/title>\n<meta name=\"robots\" content=\"index, follow, max-snippet:-1, max-image-preview:large, max-video-preview:-1\" \/>\n<link rel=\"canonical\" href=\"https:\/\/www.der-arzneimittelbrief.de\/nachrichten\/update-zur-therapeutischen-entscheidung-rhythmus-oder-frequenzkontrolle-2\/\" \/>\n<meta property=\"og:locale\" content=\"de_DE\" \/>\n<meta property=\"og:type\" content=\"article\" \/>\n<meta property=\"og:title\" content=\"Vorhofflimmern: Update zur therapeutischen Entscheidung Rhythmus- oder Frequenzkontrolle - Der Arzneimittelbrief\" \/>\n<meta property=\"og:description\" content=\"AMB 2020, 54, 77 Erstmals konnte in einer Interventionsstudie bei fr\u00fchem Vorhofflimmern (Vofli) ein kleiner klinischer Vorteil einer Rhythmus-erhaltenden gegen\u00fcber einer Frequenz-kontrollierenden Strategie nachgewiesen werden. Dem Nutzen beim kombinierten prim\u00e4ren Endpunkt \u201ekardiovaskul\u00e4rer Tod, Schlaganfall oder Krankenhausaufnahme wegen Herzinsuffizienz und akutem Koronarsyndrom\u201c, der unseres Erachtens sehr st\u00f6ranf\u00e4llig ist, steht jedoch ein deutlich h\u00f6heres Risiko f\u00fcr unerw\u00fcnschte, [&hellip;]\" \/>\n<meta property=\"og:url\" content=\"https:\/\/www.der-arzneimittelbrief.de\/nachrichten\/update-zur-therapeutischen-entscheidung-rhythmus-oder-frequenzkontrolle-2\/\" \/>\n<meta property=\"og:site_name\" content=\"Der Arzneimittelbrief\" \/>\n<meta property=\"article:publisher\" content=\"http:\/\/www.facebook.com\/derarzneimittelbrief.de\" \/>\n<meta property=\"article:published_time\" content=\"2020-12-18T11:05:06+00:00\" \/>\n<meta property=\"article:modified_time\" content=\"2020-12-18T11:14:36+00:00\" \/>\n<meta property=\"og:image\" content=\"http:\/\/www.der-arzneimittelbrief.de\/nachrichten\/wp-content\/uploads\/2014\/01\/2_Studi_Banner_AMB_NEU.jpg\" \/>\n<meta name=\"author\" content=\"henk-amb\" \/>\n<meta name=\"twitter:label1\" content=\"Verfasst von\" \/>\n\t<meta name=\"twitter:data1\" content=\"henk-amb\" \/>\n\t<meta name=\"twitter:label2\" content=\"Gesch\u00e4tzte Lesezeit\" \/>\n\t<meta name=\"twitter:data2\" content=\"2\u00a0Minuten\" \/>\n<script type=\"application\/ld+json\" class=\"yoast-schema-graph\">{\"@context\":\"https:\\\/\\\/schema.org\",\"@graph\":[{\"@type\":\"Article\",\"@id\":\"https:\\\/\\\/www.der-arzneimittelbrief.de\\\/nachrichten\\\/update-zur-therapeutischen-entscheidung-rhythmus-oder-frequenzkontrolle-2\\\/#article\",\"isPartOf\":{\"@id\":\"https:\\\/\\\/www.der-arzneimittelbrief.de\\\/nachrichten\\\/update-zur-therapeutischen-entscheidung-rhythmus-oder-frequenzkontrolle-2\\\/\"},\"author\":{\"name\":\"henk-amb\",\"@id\":\"https:\\\/\\\/www.der-arzneimittelbrief.de\\\/nachrichten\\\/#\\\/schema\\\/person\\\/2e7981c97826a4941311e607c145d937\"},\"headline\":\"Vorhofflimmern: Update zur therapeutischen Entscheidung Rhythmus- oder Frequenzkontrolle\",\"datePublished\":\"2020-12-18T11:05:06+00:00\",\"dateModified\":\"2020-12-18T11:14:36+00:00\",\"mainEntityOfPage\":{\"@id\":\"https:\\\/\\\/www.der-arzneimittelbrief.de\\\/nachrichten\\\/update-zur-therapeutischen-entscheidung-rhythmus-oder-frequenzkontrolle-2\\\/\"},\"wordCount\":340,\"image\":{\"@id\":\"https:\\\/\\\/www.der-arzneimittelbrief.de\\\/nachrichten\\\/update-zur-therapeutischen-entscheidung-rhythmus-oder-frequenzkontrolle-2\\\/#primaryimage\"},\"thumbnailUrl\":\"http:\\\/\\\/www.der-arzneimittelbrief.de\\\/nachrichten\\\/wp-content\\\/uploads\\\/2014\\\/01\\\/2_Studi_Banner_AMB_NEU.jpg\",\"inLanguage\":\"de\"},{\"@type\":\"WebPage\",\"@id\":\"https:\\\/\\\/www.der-arzneimittelbrief.de\\\/nachrichten\\\/update-zur-therapeutischen-entscheidung-rhythmus-oder-frequenzkontrolle-2\\\/\",\"url\":\"https:\\\/\\\/www.der-arzneimittelbrief.de\\\/nachrichten\\\/update-zur-therapeutischen-entscheidung-rhythmus-oder-frequenzkontrolle-2\\\/\",\"name\":\"Vorhofflimmern: Update zur therapeutischen Entscheidung Rhythmus- oder Frequenzkontrolle - Der Arzneimittelbrief\",\"isPartOf\":{\"@id\":\"https:\\\/\\\/www.der-arzneimittelbrief.de\\\/nachrichten\\\/#website\"},\"primaryImageOfPage\":{\"@id\":\"https:\\\/\\\/www.der-arzneimittelbrief.de\\\/nachrichten\\\/update-zur-therapeutischen-entscheidung-rhythmus-oder-frequenzkontrolle-2\\\/#primaryimage\"},\"image\":{\"@id\":\"https:\\\/\\\/www.der-arzneimittelbrief.de\\\/nachrichten\\\/update-zur-therapeutischen-entscheidung-rhythmus-oder-frequenzkontrolle-2\\\/#primaryimage\"},\"thumbnailUrl\":\"http:\\\/\\\/www.der-arzneimittelbrief.de\\\/nachrichten\\\/wp-content\\\/uploads\\\/2014\\\/01\\\/2_Studi_Banner_AMB_NEU.jpg\",\"datePublished\":\"2020-12-18T11:05:06+00:00\",\"dateModified\":\"2020-12-18T11:14:36+00:00\",\"author\":{\"@id\":\"https:\\\/\\\/www.der-arzneimittelbrief.de\\\/nachrichten\\\/#\\\/schema\\\/person\\\/2e7981c97826a4941311e607c145d937\"},\"breadcrumb\":{\"@id\":\"https:\\\/\\\/www.der-arzneimittelbrief.de\\\/nachrichten\\\/update-zur-therapeutischen-entscheidung-rhythmus-oder-frequenzkontrolle-2\\\/#breadcrumb\"},\"inLanguage\":\"de\",\"potentialAction\":[{\"@type\":\"ReadAction\",\"target\":[\"https:\\\/\\\/www.der-arzneimittelbrief.de\\\/nachrichten\\\/update-zur-therapeutischen-entscheidung-rhythmus-oder-frequenzkontrolle-2\\\/\"]}]},{\"@type\":\"ImageObject\",\"inLanguage\":\"de\",\"@id\":\"https:\\\/\\\/www.der-arzneimittelbrief.de\\\/nachrichten\\\/update-zur-therapeutischen-entscheidung-rhythmus-oder-frequenzkontrolle-2\\\/#primaryimage\",\"url\":\"http:\\\/\\\/www.der-arzneimittelbrief.de\\\/nachrichten\\\/wp-content\\\/uploads\\\/2014\\\/01\\\/2_Studi_Banner_AMB_NEU.jpg\",\"contentUrl\":\"http:\\\/\\\/www.der-arzneimittelbrief.de\\\/nachrichten\\\/wp-content\\\/uploads\\\/2014\\\/01\\\/2_Studi_Banner_AMB_NEU.jpg\"},{\"@type\":\"BreadcrumbList\",\"@id\":\"https:\\\/\\\/www.der-arzneimittelbrief.de\\\/nachrichten\\\/update-zur-therapeutischen-entscheidung-rhythmus-oder-frequenzkontrolle-2\\\/#breadcrumb\",\"itemListElement\":[{\"@type\":\"ListItem\",\"position\":1,\"name\":\"Start\",\"item\":\"https:\\\/\\\/www.der-arzneimittelbrief.de\\\/nachrichten\\\/\"},{\"@type\":\"ListItem\",\"position\":2,\"name\":\"Vorhofflimmern: Update zur therapeutischen Entscheidung Rhythmus- oder Frequenzkontrolle\"}]},{\"@type\":\"WebSite\",\"@id\":\"https:\\\/\\\/www.der-arzneimittelbrief.de\\\/nachrichten\\\/#website\",\"url\":\"https:\\\/\\\/www.der-arzneimittelbrief.de\\\/nachrichten\\\/\",\"name\":\"Der Arzneimittelbrief\",\"description\":\"Unabh\u00e4ngige Arzneimittelinformationen\",\"potentialAction\":[{\"@type\":\"SearchAction\",\"target\":{\"@type\":\"EntryPoint\",\"urlTemplate\":\"https:\\\/\\\/www.der-arzneimittelbrief.de\\\/nachrichten\\\/?s={search_term_string}\"},\"query-input\":{\"@type\":\"PropertyValueSpecification\",\"valueRequired\":true,\"valueName\":\"search_term_string\"}}],\"inLanguage\":\"de\"},{\"@type\":\"Person\",\"@id\":\"https:\\\/\\\/www.der-arzneimittelbrief.de\\\/nachrichten\\\/#\\\/schema\\\/person\\\/2e7981c97826a4941311e607c145d937\",\"name\":\"henk-amb\",\"image\":{\"@type\":\"ImageObject\",\"inLanguage\":\"de\",\"@id\":\"https:\\\/\\\/secure.gravatar.com\\\/avatar\\\/314c85e3c5c37749a415d1df0e5fe7642768dd0d2f48f8a4fea70eae9b7499fc?s=96&d=mm&r=g\",\"url\":\"https:\\\/\\\/secure.gravatar.com\\\/avatar\\\/314c85e3c5c37749a415d1df0e5fe7642768dd0d2f48f8a4fea70eae9b7499fc?s=96&d=mm&r=g\",\"contentUrl\":\"https:\\\/\\\/secure.gravatar.com\\\/avatar\\\/314c85e3c5c37749a415d1df0e5fe7642768dd0d2f48f8a4fea70eae9b7499fc?s=96&d=mm&r=g\",\"caption\":\"henk-amb\"}}]}<\/script>\n<!-- \/ Yoast SEO plugin. -->","yoast_head_json":{"title":"Vorhofflimmern: Update zur therapeutischen Entscheidung Rhythmus- oder Frequenzkontrolle - Der Arzneimittelbrief","robots":{"index":"index","follow":"follow","max-snippet":"max-snippet:-1","max-image-preview":"max-image-preview:large","max-video-preview":"max-video-preview:-1"},"canonical":"https:\/\/www.der-arzneimittelbrief.de\/nachrichten\/update-zur-therapeutischen-entscheidung-rhythmus-oder-frequenzkontrolle-2\/","og_locale":"de_DE","og_type":"article","og_title":"Vorhofflimmern: Update zur therapeutischen Entscheidung Rhythmus- oder Frequenzkontrolle - Der Arzneimittelbrief","og_description":"AMB 2020, 54, 77 Erstmals konnte in einer Interventionsstudie bei fr\u00fchem Vorhofflimmern (Vofli) ein kleiner klinischer Vorteil einer Rhythmus-erhaltenden gegen\u00fcber einer Frequenz-kontrollierenden Strategie nachgewiesen werden. Dem Nutzen beim kombinierten prim\u00e4ren Endpunkt \u201ekardiovaskul\u00e4rer Tod, Schlaganfall oder Krankenhausaufnahme wegen Herzinsuffizienz und akutem Koronarsyndrom\u201c, der unseres Erachtens sehr st\u00f6ranf\u00e4llig ist, steht jedoch ein deutlich h\u00f6heres Risiko f\u00fcr unerw\u00fcnschte, [&hellip;]","og_url":"https:\/\/www.der-arzneimittelbrief.de\/nachrichten\/update-zur-therapeutischen-entscheidung-rhythmus-oder-frequenzkontrolle-2\/","og_site_name":"Der Arzneimittelbrief","article_publisher":"http:\/\/www.facebook.com\/derarzneimittelbrief.de","article_published_time":"2020-12-18T11:05:06+00:00","article_modified_time":"2020-12-18T11:14:36+00:00","og_image":[{"url":"http:\/\/www.der-arzneimittelbrief.de\/nachrichten\/wp-content\/uploads\/2014\/01\/2_Studi_Banner_AMB_NEU.jpg","type":"","width":"","height":""}],"author":"henk-amb","twitter_misc":{"Verfasst von":"henk-amb","Gesch\u00e4tzte Lesezeit":"2\u00a0Minuten"},"schema":{"@context":"https:\/\/schema.org","@graph":[{"@type":"Article","@id":"https:\/\/www.der-arzneimittelbrief.de\/nachrichten\/update-zur-therapeutischen-entscheidung-rhythmus-oder-frequenzkontrolle-2\/#article","isPartOf":{"@id":"https:\/\/www.der-arzneimittelbrief.de\/nachrichten\/update-zur-therapeutischen-entscheidung-rhythmus-oder-frequenzkontrolle-2\/"},"author":{"name":"henk-amb","@id":"https:\/\/www.der-arzneimittelbrief.de\/nachrichten\/#\/schema\/person\/2e7981c97826a4941311e607c145d937"},"headline":"Vorhofflimmern: Update zur therapeutischen Entscheidung Rhythmus- oder Frequenzkontrolle","datePublished":"2020-12-18T11:05:06+00:00","dateModified":"2020-12-18T11:14:36+00:00","mainEntityOfPage":{"@id":"https:\/\/www.der-arzneimittelbrief.de\/nachrichten\/update-zur-therapeutischen-entscheidung-rhythmus-oder-frequenzkontrolle-2\/"},"wordCount":340,"image":{"@id":"https:\/\/www.der-arzneimittelbrief.de\/nachrichten\/update-zur-therapeutischen-entscheidung-rhythmus-oder-frequenzkontrolle-2\/#primaryimage"},"thumbnailUrl":"http:\/\/www.der-arzneimittelbrief.de\/nachrichten\/wp-content\/uploads\/2014\/01\/2_Studi_Banner_AMB_NEU.jpg","inLanguage":"de"},{"@type":"WebPage","@id":"https:\/\/www.der-arzneimittelbrief.de\/nachrichten\/update-zur-therapeutischen-entscheidung-rhythmus-oder-frequenzkontrolle-2\/","url":"https:\/\/www.der-arzneimittelbrief.de\/nachrichten\/update-zur-therapeutischen-entscheidung-rhythmus-oder-frequenzkontrolle-2\/","name":"Vorhofflimmern: Update zur therapeutischen Entscheidung Rhythmus- oder Frequenzkontrolle - Der Arzneimittelbrief","isPartOf":{"@id":"https:\/\/www.der-arzneimittelbrief.de\/nachrichten\/#website"},"primaryImageOfPage":{"@id":"https:\/\/www.der-arzneimittelbrief.de\/nachrichten\/update-zur-therapeutischen-entscheidung-rhythmus-oder-frequenzkontrolle-2\/#primaryimage"},"image":{"@id":"https:\/\/www.der-arzneimittelbrief.de\/nachrichten\/update-zur-therapeutischen-entscheidung-rhythmus-oder-frequenzkontrolle-2\/#primaryimage"},"thumbnailUrl":"http:\/\/www.der-arzneimittelbrief.de\/nachrichten\/wp-content\/uploads\/2014\/01\/2_Studi_Banner_AMB_NEU.jpg","datePublished":"2020-12-18T11:05:06+00:00","dateModified":"2020-12-18T11:14:36+00:00","author":{"@id":"https:\/\/www.der-arzneimittelbrief.de\/nachrichten\/#\/schema\/person\/2e7981c97826a4941311e607c145d937"},"breadcrumb":{"@id":"https:\/\/www.der-arzneimittelbrief.de\/nachrichten\/update-zur-therapeutischen-entscheidung-rhythmus-oder-frequenzkontrolle-2\/#breadcrumb"},"inLanguage":"de","potentialAction":[{"@type":"ReadAction","target":["https:\/\/www.der-arzneimittelbrief.de\/nachrichten\/update-zur-therapeutischen-entscheidung-rhythmus-oder-frequenzkontrolle-2\/"]}]},{"@type":"ImageObject","inLanguage":"de","@id":"https:\/\/www.der-arzneimittelbrief.de\/nachrichten\/update-zur-therapeutischen-entscheidung-rhythmus-oder-frequenzkontrolle-2\/#primaryimage","url":"http:\/\/www.der-arzneimittelbrief.de\/nachrichten\/wp-content\/uploads\/2014\/01\/2_Studi_Banner_AMB_NEU.jpg","contentUrl":"http:\/\/www.der-arzneimittelbrief.de\/nachrichten\/wp-content\/uploads\/2014\/01\/2_Studi_Banner_AMB_NEU.jpg"},{"@type":"BreadcrumbList","@id":"https:\/\/www.der-arzneimittelbrief.de\/nachrichten\/update-zur-therapeutischen-entscheidung-rhythmus-oder-frequenzkontrolle-2\/#breadcrumb","itemListElement":[{"@type":"ListItem","position":1,"name":"Start","item":"https:\/\/www.der-arzneimittelbrief.de\/nachrichten\/"},{"@type":"ListItem","position":2,"name":"Vorhofflimmern: Update zur therapeutischen Entscheidung Rhythmus- oder Frequenzkontrolle"}]},{"@type":"WebSite","@id":"https:\/\/www.der-arzneimittelbrief.de\/nachrichten\/#website","url":"https:\/\/www.der-arzneimittelbrief.de\/nachrichten\/","name":"Der Arzneimittelbrief","description":"Unabh\u00e4ngige Arzneimittelinformationen","potentialAction":[{"@type":"SearchAction","target":{"@type":"EntryPoint","urlTemplate":"https:\/\/www.der-arzneimittelbrief.de\/nachrichten\/?s={search_term_string}"},"query-input":{"@type":"PropertyValueSpecification","valueRequired":true,"valueName":"search_term_string"}}],"inLanguage":"de"},{"@type":"Person","@id":"https:\/\/www.der-arzneimittelbrief.de\/nachrichten\/#\/schema\/person\/2e7981c97826a4941311e607c145d937","name":"henk-amb","image":{"@type":"ImageObject","inLanguage":"de","@id":"https:\/\/secure.gravatar.com\/avatar\/314c85e3c5c37749a415d1df0e5fe7642768dd0d2f48f8a4fea70eae9b7499fc?s=96&d=mm&r=g","url":"https:\/\/secure.gravatar.com\/avatar\/314c85e3c5c37749a415d1df0e5fe7642768dd0d2f48f8a4fea70eae9b7499fc?s=96&d=mm&r=g","contentUrl":"https:\/\/secure.gravatar.com\/avatar\/314c85e3c5c37749a415d1df0e5fe7642768dd0d2f48f8a4fea70eae9b7499fc?s=96&d=mm&r=g","caption":"henk-amb"}}]}},"_links":{"self":[{"href":"https:\/\/www.der-arzneimittelbrief.de\/nachrichten\/api\/wp\/v2\/posts\/5218","targetHints":{"allow":["GET"]}}],"collection":[{"href":"https:\/\/www.der-arzneimittelbrief.de\/nachrichten\/api\/wp\/v2\/posts"}],"about":[{"href":"https:\/\/www.der-arzneimittelbrief.de\/nachrichten\/api\/wp\/v2\/types\/post"}],"author":[{"embeddable":true,"href":"https:\/\/www.der-arzneimittelbrief.de\/nachrichten\/api\/wp\/v2\/users\/5"}],"replies":[{"embeddable":true,"href":"https:\/\/www.der-arzneimittelbrief.de\/nachrichten\/api\/wp\/v2\/comments?post=5218"}],"version-history":[{"count":6,"href":"https:\/\/www.der-arzneimittelbrief.de\/nachrichten\/api\/wp\/v2\/posts\/5218\/revisions"}],"predecessor-version":[{"id":5229,"href":"https:\/\/www.der-arzneimittelbrief.de\/nachrichten\/api\/wp\/v2\/posts\/5218\/revisions\/5229"}],"wp:attachment":[{"href":"https:\/\/www.der-arzneimittelbrief.de\/nachrichten\/api\/wp\/v2\/media?parent=5218"}],"wp:term":[{"taxonomy":"category","embeddable":true,"href":"https:\/\/www.der-arzneimittelbrief.de\/nachrichten\/api\/wp\/v2\/categories?post=5218"},{"taxonomy":"post_tag","embeddable":true,"href":"https:\/\/www.der-arzneimittelbrief.de\/nachrichten\/api\/wp\/v2\/tags?post=5218"}],"curies":[{"name":"wp","href":"https:\/\/api.w.org\/{rel}","templated":true}]}}