{"id":6280,"date":"2023-07-28T08:31:23","date_gmt":"2023-07-28T08:31:23","guid":{"rendered":"https:\/\/www.der-arzneimittelbrief.de\/nachrichten\/?p=6280"},"modified":"2023-07-28T08:33:15","modified_gmt":"2023-07-28T08:33:15","slug":"ist-ein-verzoegerter-behandlungsbeginn-beim-idiopathischen-parkinson-syndrom-unguenstig-fuer-die-prognose","status":"publish","type":"post","link":"https:\/\/www.der-arzneimittelbrief.de\/nachrichten\/ist-ein-verzoegerter-behandlungsbeginn-beim-idiopathischen-parkinson-syndrom-unguenstig-fuer-die-prognose\/","title":{"rendered":"Ist ein verz\u00f6gerter Behandlungsbeginn beim idiopathischen Parkinson-Syndrom ung\u00fcnstig f\u00fcr die Prognose?"},"content":{"rendered":"<p>\u00dcber den Beginn einer Pharmakotherapie beim idiopathischen Parkinson-Syndrom (IPS) haben wir bereits 2019 ausf\u00fchrlich berichtet (vgl. ). Gem\u00e4\u00df der Leitlinie der Deutschen Gesellschaft f\u00fcr Neurologie sollte die Therapie des IPS \u201erechtzeitig, altersgerecht und effizient beginnen\u201c (). Im klinischen Alltag stellt sich h\u00e4ufig die Frage, was \u201erechtzeitig\u201c in diesem Kontext bedeutet und ob ein verz\u00f6gerter Behandlungsbeginn mit [\u2026]<\/p>\n","protected":false},"excerpt":{"rendered":"<p>\u00dcber den Beginn einer Pharmakotherapie beim idiopathischen Parkinson-Syndrom (IPS) haben wir bereits 2019 ausf\u00fchrlich berichtet (vgl. ). Gem\u00e4\u00df der Leitlinie der Deutschen Gesellschaft f\u00fcr Neurologie sollte die Therapie des IPS \u201erechtzeitig, altersgerecht und effizient beginnen\u201c (). Im klinischen Alltag stellt sich h\u00e4ufig die Frage, was \u201erechtzeitig\u201c in diesem Kontext bedeutet und ob ein verz\u00f6gerter Behandlungsbeginn mit [\u2026]<\/p>\n","protected":false},"author":5,"featured_media":0,"comment_status":"closed","ping_status":"closed","sticky":false,"template":"","format":"standard","meta":{"_editorskit_title_hidden":false,"_editorskit_reading_time":0,"_editorskit_is_block_options_detached":false,"_editorskit_block_options_position":"{}","footnotes":""},"categories":[1],"tags":[3540],"class_list":["post-6280","post","type-post","status-publish","format-standard","hentry","category-allgemein","tag-ist-ein-verzoegerter-behandlungsbeginn-beim-idiopathischen-parkinson-syndrom-unguenstig-fuer-die-prognose"],"yoast_head":"<!-- This site is optimized with the Yoast SEO plugin v27.3 - https:\/\/yoast.com\/product\/yoast-seo-wordpress\/ -->\n<title>Ist ein verz\u00f6gerter Behandlungsbeginn beim idiopathischen Parkinson-Syndrom ung\u00fcnstig f\u00fcr die Prognose? - Der Arzneimittelbrief<\/title>\n<meta name=\"robots\" content=\"index, follow, max-snippet:-1, max-image-preview:large, max-video-preview:-1\" \/>\n<link rel=\"canonical\" href=\"https:\/\/www.der-arzneimittelbrief.de\/nachrichten\/ist-ein-verzoegerter-behandlungsbeginn-beim-idiopathischen-parkinson-syndrom-unguenstig-fuer-die-prognose\/\" \/>\n<meta property=\"og:locale\" content=\"de_DE\" \/>\n<meta property=\"og:type\" content=\"article\" \/>\n<meta property=\"og:title\" content=\"Ist ein verz\u00f6gerter Behandlungsbeginn beim idiopathischen Parkinson-Syndrom ung\u00fcnstig f\u00fcr die Prognose? - Der Arzneimittelbrief\" \/>\n<meta property=\"og:description\" content=\"\u00dcber den Beginn einer Pharmakotherapie beim idiopathischen Parkinson-Syndrom (IPS) haben wir bereits 2019 ausf\u00fchrlich berichtet (vgl. ). Gem\u00e4\u00df der Leitlinie der Deutschen Gesellschaft f\u00fcr Neurologie sollte die Therapie des IPS \u201erechtzeitig, altersgerecht und effizient beginnen\u201c (). Im klinischen Alltag stellt sich h\u00e4ufig die Frage, was \u201erechtzeitig\u201c in diesem Kontext bedeutet und ob ein verz\u00f6gerter Behandlungsbeginn mit [\u2026]\" \/>\n<meta property=\"og:url\" content=\"https:\/\/www.der-arzneimittelbrief.de\/nachrichten\/ist-ein-verzoegerter-behandlungsbeginn-beim-idiopathischen-parkinson-syndrom-unguenstig-fuer-die-prognose\/\" \/>\n<meta property=\"og:site_name\" content=\"Der Arzneimittelbrief\" \/>\n<meta property=\"article:publisher\" content=\"http:\/\/www.facebook.com\/derarzneimittelbrief.de\" \/>\n<meta property=\"article:published_time\" content=\"2023-07-28T08:31:23+00:00\" \/>\n<meta property=\"article:modified_time\" content=\"2023-07-28T08:33:15+00:00\" \/>\n<meta property=\"og:image\" content=\"http:\/\/www.der-arzneimittelbrief.de\/nachrichten\/wp-content\/uploads\/2014\/01\/2_Studi_Banner_AMB_NEU.jpg\" \/>\n<meta name=\"author\" content=\"henk-amb\" \/>\n<meta name=\"twitter:label1\" content=\"Verfasst von\" \/>\n\t<meta name=\"twitter:data1\" content=\"henk-amb\" \/>\n\t<meta name=\"twitter:label2\" content=\"Gesch\u00e4tzte Lesezeit\" \/>\n\t<meta name=\"twitter:data2\" content=\"2\u00a0Minuten\" \/>\n<script type=\"application\/ld+json\" class=\"yoast-schema-graph\">{\"@context\":\"https:\\\/\\\/schema.org\",\"@graph\":[{\"@type\":\"Article\",\"@id\":\"https:\\\/\\\/www.der-arzneimittelbrief.de\\\/nachrichten\\\/ist-ein-verzoegerter-behandlungsbeginn-beim-idiopathischen-parkinson-syndrom-unguenstig-fuer-die-prognose\\\/#article\",\"isPartOf\":{\"@id\":\"https:\\\/\\\/www.der-arzneimittelbrief.de\\\/nachrichten\\\/ist-ein-verzoegerter-behandlungsbeginn-beim-idiopathischen-parkinson-syndrom-unguenstig-fuer-die-prognose\\\/\"},\"author\":{\"name\":\"henk-amb\",\"@id\":\"https:\\\/\\\/www.der-arzneimittelbrief.de\\\/nachrichten\\\/#\\\/schema\\\/person\\\/2e7981c97826a4941311e607c145d937\"},\"headline\":\"Ist ein verz\u00f6gerter Behandlungsbeginn beim idiopathischen Parkinson-Syndrom ung\u00fcnstig f\u00fcr die Prognose?\",\"datePublished\":\"2023-07-28T08:31:23+00:00\",\"dateModified\":\"2023-07-28T08:33:15+00:00\",\"mainEntityOfPage\":{\"@id\":\"https:\\\/\\\/www.der-arzneimittelbrief.de\\\/nachrichten\\\/ist-ein-verzoegerter-behandlungsbeginn-beim-idiopathischen-parkinson-syndrom-unguenstig-fuer-die-prognose\\\/\"},\"wordCount\":215,\"image\":{\"@id\":\"https:\\\/\\\/www.der-arzneimittelbrief.de\\\/nachrichten\\\/ist-ein-verzoegerter-behandlungsbeginn-beim-idiopathischen-parkinson-syndrom-unguenstig-fuer-die-prognose\\\/#primaryimage\"},\"thumbnailUrl\":\"http:\\\/\\\/www.der-arzneimittelbrief.de\\\/nachrichten\\\/wp-content\\\/uploads\\\/2014\\\/01\\\/2_Studi_Banner_AMB_NEU.jpg\",\"keywords\":[\"Ist ein verz\u00f6gerter Behandlungsbeginn beim idiopathischen Parkinson-Syndrom ung\u00fcnstig f\u00fcr die Prognose?\"],\"inLanguage\":\"de\"},{\"@type\":\"WebPage\",\"@id\":\"https:\\\/\\\/www.der-arzneimittelbrief.de\\\/nachrichten\\\/ist-ein-verzoegerter-behandlungsbeginn-beim-idiopathischen-parkinson-syndrom-unguenstig-fuer-die-prognose\\\/\",\"url\":\"https:\\\/\\\/www.der-arzneimittelbrief.de\\\/nachrichten\\\/ist-ein-verzoegerter-behandlungsbeginn-beim-idiopathischen-parkinson-syndrom-unguenstig-fuer-die-prognose\\\/\",\"name\":\"Ist ein verz\u00f6gerter Behandlungsbeginn beim idiopathischen Parkinson-Syndrom ung\u00fcnstig f\u00fcr die Prognose? - Der Arzneimittelbrief\",\"isPartOf\":{\"@id\":\"https:\\\/\\\/www.der-arzneimittelbrief.de\\\/nachrichten\\\/#website\"},\"primaryImageOfPage\":{\"@id\":\"https:\\\/\\\/www.der-arzneimittelbrief.de\\\/nachrichten\\\/ist-ein-verzoegerter-behandlungsbeginn-beim-idiopathischen-parkinson-syndrom-unguenstig-fuer-die-prognose\\\/#primaryimage\"},\"image\":{\"@id\":\"https:\\\/\\\/www.der-arzneimittelbrief.de\\\/nachrichten\\\/ist-ein-verzoegerter-behandlungsbeginn-beim-idiopathischen-parkinson-syndrom-unguenstig-fuer-die-prognose\\\/#primaryimage\"},\"thumbnailUrl\":\"http:\\\/\\\/www.der-arzneimittelbrief.de\\\/nachrichten\\\/wp-content\\\/uploads\\\/2014\\\/01\\\/2_Studi_Banner_AMB_NEU.jpg\",\"datePublished\":\"2023-07-28T08:31:23+00:00\",\"dateModified\":\"2023-07-28T08:33:15+00:00\",\"author\":{\"@id\":\"https:\\\/\\\/www.der-arzneimittelbrief.de\\\/nachrichten\\\/#\\\/schema\\\/person\\\/2e7981c97826a4941311e607c145d937\"},\"breadcrumb\":{\"@id\":\"https:\\\/\\\/www.der-arzneimittelbrief.de\\\/nachrichten\\\/ist-ein-verzoegerter-behandlungsbeginn-beim-idiopathischen-parkinson-syndrom-unguenstig-fuer-die-prognose\\\/#breadcrumb\"},\"inLanguage\":\"de\",\"potentialAction\":[{\"@type\":\"ReadAction\",\"target\":[\"https:\\\/\\\/www.der-arzneimittelbrief.de\\\/nachrichten\\\/ist-ein-verzoegerter-behandlungsbeginn-beim-idiopathischen-parkinson-syndrom-unguenstig-fuer-die-prognose\\\/\"]}]},{\"@type\":\"ImageObject\",\"inLanguage\":\"de\",\"@id\":\"https:\\\/\\\/www.der-arzneimittelbrief.de\\\/nachrichten\\\/ist-ein-verzoegerter-behandlungsbeginn-beim-idiopathischen-parkinson-syndrom-unguenstig-fuer-die-prognose\\\/#primaryimage\",\"url\":\"http:\\\/\\\/www.der-arzneimittelbrief.de\\\/nachrichten\\\/wp-content\\\/uploads\\\/2014\\\/01\\\/2_Studi_Banner_AMB_NEU.jpg\",\"contentUrl\":\"http:\\\/\\\/www.der-arzneimittelbrief.de\\\/nachrichten\\\/wp-content\\\/uploads\\\/2014\\\/01\\\/2_Studi_Banner_AMB_NEU.jpg\"},{\"@type\":\"BreadcrumbList\",\"@id\":\"https:\\\/\\\/www.der-arzneimittelbrief.de\\\/nachrichten\\\/ist-ein-verzoegerter-behandlungsbeginn-beim-idiopathischen-parkinson-syndrom-unguenstig-fuer-die-prognose\\\/#breadcrumb\",\"itemListElement\":[{\"@type\":\"ListItem\",\"position\":1,\"name\":\"Start\",\"item\":\"https:\\\/\\\/www.der-arzneimittelbrief.de\\\/nachrichten\\\/\"},{\"@type\":\"ListItem\",\"position\":2,\"name\":\"Ist ein verz\u00f6gerter Behandlungsbeginn beim idiopathischen Parkinson-Syndrom ung\u00fcnstig f\u00fcr die Prognose?\"}]},{\"@type\":\"WebSite\",\"@id\":\"https:\\\/\\\/www.der-arzneimittelbrief.de\\\/nachrichten\\\/#website\",\"url\":\"https:\\\/\\\/www.der-arzneimittelbrief.de\\\/nachrichten\\\/\",\"name\":\"Der Arzneimittelbrief\",\"description\":\"Unabh\u00e4ngige Arzneimittelinformationen\",\"potentialAction\":[{\"@type\":\"SearchAction\",\"target\":{\"@type\":\"EntryPoint\",\"urlTemplate\":\"https:\\\/\\\/www.der-arzneimittelbrief.de\\\/nachrichten\\\/?s={search_term_string}\"},\"query-input\":{\"@type\":\"PropertyValueSpecification\",\"valueRequired\":true,\"valueName\":\"search_term_string\"}}],\"inLanguage\":\"de\"},{\"@type\":\"Person\",\"@id\":\"https:\\\/\\\/www.der-arzneimittelbrief.de\\\/nachrichten\\\/#\\\/schema\\\/person\\\/2e7981c97826a4941311e607c145d937\",\"name\":\"henk-amb\",\"image\":{\"@type\":\"ImageObject\",\"inLanguage\":\"de\",\"@id\":\"https:\\\/\\\/secure.gravatar.com\\\/avatar\\\/314c85e3c5c37749a415d1df0e5fe7642768dd0d2f48f8a4fea70eae9b7499fc?s=96&d=mm&r=g\",\"url\":\"https:\\\/\\\/secure.gravatar.com\\\/avatar\\\/314c85e3c5c37749a415d1df0e5fe7642768dd0d2f48f8a4fea70eae9b7499fc?s=96&d=mm&r=g\",\"contentUrl\":\"https:\\\/\\\/secure.gravatar.com\\\/avatar\\\/314c85e3c5c37749a415d1df0e5fe7642768dd0d2f48f8a4fea70eae9b7499fc?s=96&d=mm&r=g\",\"caption\":\"henk-amb\"}}]}<\/script>\n<!-- \/ Yoast SEO plugin. -->","yoast_head_json":{"title":"Ist ein verz\u00f6gerter Behandlungsbeginn beim idiopathischen Parkinson-Syndrom ung\u00fcnstig f\u00fcr die Prognose? - Der Arzneimittelbrief","robots":{"index":"index","follow":"follow","max-snippet":"max-snippet:-1","max-image-preview":"max-image-preview:large","max-video-preview":"max-video-preview:-1"},"canonical":"https:\/\/www.der-arzneimittelbrief.de\/nachrichten\/ist-ein-verzoegerter-behandlungsbeginn-beim-idiopathischen-parkinson-syndrom-unguenstig-fuer-die-prognose\/","og_locale":"de_DE","og_type":"article","og_title":"Ist ein verz\u00f6gerter Behandlungsbeginn beim idiopathischen Parkinson-Syndrom ung\u00fcnstig f\u00fcr die Prognose? - Der Arzneimittelbrief","og_description":"\u00dcber den Beginn einer Pharmakotherapie beim idiopathischen Parkinson-Syndrom (IPS) haben wir bereits 2019 ausf\u00fchrlich berichtet (vgl. ). Gem\u00e4\u00df der Leitlinie der Deutschen Gesellschaft f\u00fcr Neurologie sollte die Therapie des IPS \u201erechtzeitig, altersgerecht und effizient beginnen\u201c (). Im klinischen Alltag stellt sich h\u00e4ufig die Frage, was \u201erechtzeitig\u201c in diesem Kontext bedeutet und ob ein verz\u00f6gerter Behandlungsbeginn mit [\u2026]","og_url":"https:\/\/www.der-arzneimittelbrief.de\/nachrichten\/ist-ein-verzoegerter-behandlungsbeginn-beim-idiopathischen-parkinson-syndrom-unguenstig-fuer-die-prognose\/","og_site_name":"Der Arzneimittelbrief","article_publisher":"http:\/\/www.facebook.com\/derarzneimittelbrief.de","article_published_time":"2023-07-28T08:31:23+00:00","article_modified_time":"2023-07-28T08:33:15+00:00","og_image":[{"url":"http:\/\/www.der-arzneimittelbrief.de\/nachrichten\/wp-content\/uploads\/2014\/01\/2_Studi_Banner_AMB_NEU.jpg","type":"","width":"","height":""}],"author":"henk-amb","twitter_misc":{"Verfasst von":"henk-amb","Gesch\u00e4tzte Lesezeit":"2\u00a0Minuten"},"schema":{"@context":"https:\/\/schema.org","@graph":[{"@type":"Article","@id":"https:\/\/www.der-arzneimittelbrief.de\/nachrichten\/ist-ein-verzoegerter-behandlungsbeginn-beim-idiopathischen-parkinson-syndrom-unguenstig-fuer-die-prognose\/#article","isPartOf":{"@id":"https:\/\/www.der-arzneimittelbrief.de\/nachrichten\/ist-ein-verzoegerter-behandlungsbeginn-beim-idiopathischen-parkinson-syndrom-unguenstig-fuer-die-prognose\/"},"author":{"name":"henk-amb","@id":"https:\/\/www.der-arzneimittelbrief.de\/nachrichten\/#\/schema\/person\/2e7981c97826a4941311e607c145d937"},"headline":"Ist ein verz\u00f6gerter Behandlungsbeginn beim idiopathischen Parkinson-Syndrom ung\u00fcnstig f\u00fcr die Prognose?","datePublished":"2023-07-28T08:31:23+00:00","dateModified":"2023-07-28T08:33:15+00:00","mainEntityOfPage":{"@id":"https:\/\/www.der-arzneimittelbrief.de\/nachrichten\/ist-ein-verzoegerter-behandlungsbeginn-beim-idiopathischen-parkinson-syndrom-unguenstig-fuer-die-prognose\/"},"wordCount":215,"image":{"@id":"https:\/\/www.der-arzneimittelbrief.de\/nachrichten\/ist-ein-verzoegerter-behandlungsbeginn-beim-idiopathischen-parkinson-syndrom-unguenstig-fuer-die-prognose\/#primaryimage"},"thumbnailUrl":"http:\/\/www.der-arzneimittelbrief.de\/nachrichten\/wp-content\/uploads\/2014\/01\/2_Studi_Banner_AMB_NEU.jpg","keywords":["Ist ein verz\u00f6gerter Behandlungsbeginn beim idiopathischen Parkinson-Syndrom ung\u00fcnstig f\u00fcr die Prognose?"],"inLanguage":"de"},{"@type":"WebPage","@id":"https:\/\/www.der-arzneimittelbrief.de\/nachrichten\/ist-ein-verzoegerter-behandlungsbeginn-beim-idiopathischen-parkinson-syndrom-unguenstig-fuer-die-prognose\/","url":"https:\/\/www.der-arzneimittelbrief.de\/nachrichten\/ist-ein-verzoegerter-behandlungsbeginn-beim-idiopathischen-parkinson-syndrom-unguenstig-fuer-die-prognose\/","name":"Ist ein verz\u00f6gerter Behandlungsbeginn beim idiopathischen Parkinson-Syndrom ung\u00fcnstig f\u00fcr die Prognose? - Der Arzneimittelbrief","isPartOf":{"@id":"https:\/\/www.der-arzneimittelbrief.de\/nachrichten\/#website"},"primaryImageOfPage":{"@id":"https:\/\/www.der-arzneimittelbrief.de\/nachrichten\/ist-ein-verzoegerter-behandlungsbeginn-beim-idiopathischen-parkinson-syndrom-unguenstig-fuer-die-prognose\/#primaryimage"},"image":{"@id":"https:\/\/www.der-arzneimittelbrief.de\/nachrichten\/ist-ein-verzoegerter-behandlungsbeginn-beim-idiopathischen-parkinson-syndrom-unguenstig-fuer-die-prognose\/#primaryimage"},"thumbnailUrl":"http:\/\/www.der-arzneimittelbrief.de\/nachrichten\/wp-content\/uploads\/2014\/01\/2_Studi_Banner_AMB_NEU.jpg","datePublished":"2023-07-28T08:31:23+00:00","dateModified":"2023-07-28T08:33:15+00:00","author":{"@id":"https:\/\/www.der-arzneimittelbrief.de\/nachrichten\/#\/schema\/person\/2e7981c97826a4941311e607c145d937"},"breadcrumb":{"@id":"https:\/\/www.der-arzneimittelbrief.de\/nachrichten\/ist-ein-verzoegerter-behandlungsbeginn-beim-idiopathischen-parkinson-syndrom-unguenstig-fuer-die-prognose\/#breadcrumb"},"inLanguage":"de","potentialAction":[{"@type":"ReadAction","target":["https:\/\/www.der-arzneimittelbrief.de\/nachrichten\/ist-ein-verzoegerter-behandlungsbeginn-beim-idiopathischen-parkinson-syndrom-unguenstig-fuer-die-prognose\/"]}]},{"@type":"ImageObject","inLanguage":"de","@id":"https:\/\/www.der-arzneimittelbrief.de\/nachrichten\/ist-ein-verzoegerter-behandlungsbeginn-beim-idiopathischen-parkinson-syndrom-unguenstig-fuer-die-prognose\/#primaryimage","url":"http:\/\/www.der-arzneimittelbrief.de\/nachrichten\/wp-content\/uploads\/2014\/01\/2_Studi_Banner_AMB_NEU.jpg","contentUrl":"http:\/\/www.der-arzneimittelbrief.de\/nachrichten\/wp-content\/uploads\/2014\/01\/2_Studi_Banner_AMB_NEU.jpg"},{"@type":"BreadcrumbList","@id":"https:\/\/www.der-arzneimittelbrief.de\/nachrichten\/ist-ein-verzoegerter-behandlungsbeginn-beim-idiopathischen-parkinson-syndrom-unguenstig-fuer-die-prognose\/#breadcrumb","itemListElement":[{"@type":"ListItem","position":1,"name":"Start","item":"https:\/\/www.der-arzneimittelbrief.de\/nachrichten\/"},{"@type":"ListItem","position":2,"name":"Ist ein verz\u00f6gerter Behandlungsbeginn beim idiopathischen Parkinson-Syndrom ung\u00fcnstig f\u00fcr die Prognose?"}]},{"@type":"WebSite","@id":"https:\/\/www.der-arzneimittelbrief.de\/nachrichten\/#website","url":"https:\/\/www.der-arzneimittelbrief.de\/nachrichten\/","name":"Der Arzneimittelbrief","description":"Unabh\u00e4ngige Arzneimittelinformationen","potentialAction":[{"@type":"SearchAction","target":{"@type":"EntryPoint","urlTemplate":"https:\/\/www.der-arzneimittelbrief.de\/nachrichten\/?s={search_term_string}"},"query-input":{"@type":"PropertyValueSpecification","valueRequired":true,"valueName":"search_term_string"}}],"inLanguage":"de"},{"@type":"Person","@id":"https:\/\/www.der-arzneimittelbrief.de\/nachrichten\/#\/schema\/person\/2e7981c97826a4941311e607c145d937","name":"henk-amb","image":{"@type":"ImageObject","inLanguage":"de","@id":"https:\/\/secure.gravatar.com\/avatar\/314c85e3c5c37749a415d1df0e5fe7642768dd0d2f48f8a4fea70eae9b7499fc?s=96&d=mm&r=g","url":"https:\/\/secure.gravatar.com\/avatar\/314c85e3c5c37749a415d1df0e5fe7642768dd0d2f48f8a4fea70eae9b7499fc?s=96&d=mm&r=g","contentUrl":"https:\/\/secure.gravatar.com\/avatar\/314c85e3c5c37749a415d1df0e5fe7642768dd0d2f48f8a4fea70eae9b7499fc?s=96&d=mm&r=g","caption":"henk-amb"}}]}},"_links":{"self":[{"href":"https:\/\/www.der-arzneimittelbrief.de\/nachrichten\/api\/wp\/v2\/posts\/6280","targetHints":{"allow":["GET"]}}],"collection":[{"href":"https:\/\/www.der-arzneimittelbrief.de\/nachrichten\/api\/wp\/v2\/posts"}],"about":[{"href":"https:\/\/www.der-arzneimittelbrief.de\/nachrichten\/api\/wp\/v2\/types\/post"}],"author":[{"embeddable":true,"href":"https:\/\/www.der-arzneimittelbrief.de\/nachrichten\/api\/wp\/v2\/users\/5"}],"replies":[{"embeddable":true,"href":"https:\/\/www.der-arzneimittelbrief.de\/nachrichten\/api\/wp\/v2\/comments?post=6280"}],"version-history":[{"count":3,"href":"https:\/\/www.der-arzneimittelbrief.de\/nachrichten\/api\/wp\/v2\/posts\/6280\/revisions"}],"predecessor-version":[{"id":6282,"href":"https:\/\/www.der-arzneimittelbrief.de\/nachrichten\/api\/wp\/v2\/posts\/6280\/revisions\/6282"}],"wp:attachment":[{"href":"https:\/\/www.der-arzneimittelbrief.de\/nachrichten\/api\/wp\/v2\/media?parent=6280"}],"wp:term":[{"taxonomy":"category","embeddable":true,"href":"https:\/\/www.der-arzneimittelbrief.de\/nachrichten\/api\/wp\/v2\/categories?post=6280"},{"taxonomy":"post_tag","embeddable":true,"href":"https:\/\/www.der-arzneimittelbrief.de\/nachrichten\/api\/wp\/v2\/tags?post=6280"}],"curies":[{"name":"wp","href":"https:\/\/api.w.org\/{rel}","templated":true}]}}