{"id":6754,"date":"2024-12-06T10:25:54","date_gmt":"2024-12-06T10:25:54","guid":{"rendered":"https:\/\/www.der-arzneimittelbrief.de\/nachrichten\/?p=6754"},"modified":"2024-12-06T10:27:27","modified_gmt":"2024-12-06T10:27:27","slug":"kongressbericht-6-deutscher-kongress-fuer-patientensicherheit-bei-medikamentoeser-therapie","status":"publish","type":"post","link":"https:\/\/www.der-arzneimittelbrief.de\/nachrichten\/kongressbericht-6-deutscher-kongress-fuer-patientensicherheit-bei-medikamentoeser-therapie\/","title":{"rendered":"Kongressbericht: 6. Deutscher Kongress f\u00fcr Patientensicherheit bei medikament\u00f6ser Therapie"},"content":{"rendered":"<p>Am 24. und 25. Oktober 2024 fand im denkmalgesch\u00fctzten Langenbeck-Virchow-Haus in Berlin-Mitte der \u201e6. Deutsche Kongress f\u00fcr Patientensicherheit bei medikament\u00f6ser Therapie\u201c statt. Zu Beginn dieses Kongresses wurden Gru\u00dfworte von Prof. Dr. Karl Lauterbach (Bundesminister f\u00fcr Gesundheit) projiziert und von dem Beauftragten der Bundesregierung f\u00fcr die Belange von Patientinnen und Patienten (Stefan Schwartze) verlesen. Daneben sprach der [\u2026]<\/p>\n","protected":false},"excerpt":{"rendered":"<p>Am 24. und 25. Oktober 2024 fand im denkmalgesch\u00fctzten Langenbeck-Virchow-Haus in Berlin-Mitte der \u201e6. Deutsche Kongress f\u00fcr Patientensicherheit bei medikament\u00f6ser Therapie\u201c statt. Zu Beginn dieses Kongresses wurden Gru\u00dfworte von Prof. Dr. Karl Lauterbach (Bundesminister f\u00fcr Gesundheit) projiziert und von dem Beauftragten der Bundesregierung f\u00fcr die Belange von Patientinnen und Patienten (Stefan Schwartze) verlesen. Daneben sprach der [\u2026]<\/p>\n","protected":false},"author":5,"featured_media":0,"comment_status":"closed","ping_status":"closed","sticky":false,"template":"","format":"standard","meta":{"_editorskit_title_hidden":false,"_editorskit_reading_time":0,"_editorskit_is_block_options_detached":false,"_editorskit_block_options_position":"{}","footnotes":""},"categories":[1],"tags":[3750],"class_list":["post-6754","post","type-post","status-publish","format-standard","hentry","category-allgemein","tag-kongressbericht-6-deutscher-kongress-fuer-patientensicherheit-bei-medikamentoeser-therapie"],"yoast_head":"<!-- This site is optimized with the Yoast SEO plugin v27.3 - https:\/\/yoast.com\/product\/yoast-seo-wordpress\/ -->\n<title>Kongressbericht: 6. Deutscher Kongress f\u00fcr Patientensicherheit bei medikament\u00f6ser Therapie - Der Arzneimittelbrief<\/title>\n<meta name=\"robots\" content=\"index, follow, max-snippet:-1, max-image-preview:large, max-video-preview:-1\" \/>\n<link rel=\"canonical\" href=\"https:\/\/www.der-arzneimittelbrief.de\/nachrichten\/kongressbericht-6-deutscher-kongress-fuer-patientensicherheit-bei-medikamentoeser-therapie\/\" \/>\n<meta property=\"og:locale\" content=\"de_DE\" \/>\n<meta property=\"og:type\" content=\"article\" \/>\n<meta property=\"og:title\" content=\"Kongressbericht: 6. Deutscher Kongress f\u00fcr Patientensicherheit bei medikament\u00f6ser Therapie - Der Arzneimittelbrief\" \/>\n<meta property=\"og:description\" content=\"Am 24. und 25. Oktober 2024 fand im denkmalgesch\u00fctzten Langenbeck-Virchow-Haus in Berlin-Mitte der \u201e6. Deutsche Kongress f\u00fcr Patientensicherheit bei medikament\u00f6ser Therapie\u201c statt. Zu Beginn dieses Kongresses wurden Gru\u00dfworte von Prof. Dr. Karl Lauterbach (Bundesminister f\u00fcr Gesundheit) projiziert und von dem Beauftragten der Bundesregierung f\u00fcr die Belange von Patientinnen und Patienten (Stefan Schwartze) verlesen. Daneben sprach der [\u2026]\" \/>\n<meta property=\"og:url\" content=\"https:\/\/www.der-arzneimittelbrief.de\/nachrichten\/kongressbericht-6-deutscher-kongress-fuer-patientensicherheit-bei-medikamentoeser-therapie\/\" \/>\n<meta property=\"og:site_name\" content=\"Der Arzneimittelbrief\" \/>\n<meta property=\"article:publisher\" content=\"http:\/\/www.facebook.com\/derarzneimittelbrief.de\" \/>\n<meta property=\"article:published_time\" content=\"2024-12-06T10:25:54+00:00\" \/>\n<meta property=\"article:modified_time\" content=\"2024-12-06T10:27:27+00:00\" \/>\n<meta property=\"og:image\" content=\"http:\/\/www.der-arzneimittelbrief.de\/nachrichten\/wp-content\/uploads\/2014\/01\/2_Studi_Banner_AMB_NEU.jpg\" \/>\n<meta name=\"author\" content=\"henk-amb\" \/>\n<meta name=\"twitter:label1\" content=\"Verfasst von\" \/>\n\t<meta name=\"twitter:data1\" content=\"henk-amb\" \/>\n\t<meta name=\"twitter:label2\" content=\"Gesch\u00e4tzte Lesezeit\" \/>\n\t<meta name=\"twitter:data2\" content=\"2\u00a0Minuten\" \/>\n<script type=\"application\/ld+json\" class=\"yoast-schema-graph\">{\"@context\":\"https:\\\/\\\/schema.org\",\"@graph\":[{\"@type\":\"Article\",\"@id\":\"https:\\\/\\\/www.der-arzneimittelbrief.de\\\/nachrichten\\\/kongressbericht-6-deutscher-kongress-fuer-patientensicherheit-bei-medikamentoeser-therapie\\\/#article\",\"isPartOf\":{\"@id\":\"https:\\\/\\\/www.der-arzneimittelbrief.de\\\/nachrichten\\\/kongressbericht-6-deutscher-kongress-fuer-patientensicherheit-bei-medikamentoeser-therapie\\\/\"},\"author\":{\"name\":\"henk-amb\",\"@id\":\"https:\\\/\\\/www.der-arzneimittelbrief.de\\\/nachrichten\\\/#\\\/schema\\\/person\\\/2e7981c97826a4941311e607c145d937\"},\"headline\":\"Kongressbericht: 6. Deutscher Kongress f\u00fcr Patientensicherheit bei medikament\u00f6ser Therapie\",\"datePublished\":\"2024-12-06T10:25:54+00:00\",\"dateModified\":\"2024-12-06T10:27:27+00:00\",\"mainEntityOfPage\":{\"@id\":\"https:\\\/\\\/www.der-arzneimittelbrief.de\\\/nachrichten\\\/kongressbericht-6-deutscher-kongress-fuer-patientensicherheit-bei-medikamentoeser-therapie\\\/\"},\"wordCount\":242,\"image\":{\"@id\":\"https:\\\/\\\/www.der-arzneimittelbrief.de\\\/nachrichten\\\/kongressbericht-6-deutscher-kongress-fuer-patientensicherheit-bei-medikamentoeser-therapie\\\/#primaryimage\"},\"thumbnailUrl\":\"http:\\\/\\\/www.der-arzneimittelbrief.de\\\/nachrichten\\\/wp-content\\\/uploads\\\/2014\\\/01\\\/2_Studi_Banner_AMB_NEU.jpg\",\"keywords\":[\"Kongressbericht: 6. Deutscher Kongress f\u00fcr Patientensicherheit bei medikament\u00f6ser Therapie\"],\"inLanguage\":\"de\"},{\"@type\":\"WebPage\",\"@id\":\"https:\\\/\\\/www.der-arzneimittelbrief.de\\\/nachrichten\\\/kongressbericht-6-deutscher-kongress-fuer-patientensicherheit-bei-medikamentoeser-therapie\\\/\",\"url\":\"https:\\\/\\\/www.der-arzneimittelbrief.de\\\/nachrichten\\\/kongressbericht-6-deutscher-kongress-fuer-patientensicherheit-bei-medikamentoeser-therapie\\\/\",\"name\":\"Kongressbericht: 6. Deutscher Kongress f\u00fcr Patientensicherheit bei medikament\u00f6ser Therapie - Der Arzneimittelbrief\",\"isPartOf\":{\"@id\":\"https:\\\/\\\/www.der-arzneimittelbrief.de\\\/nachrichten\\\/#website\"},\"primaryImageOfPage\":{\"@id\":\"https:\\\/\\\/www.der-arzneimittelbrief.de\\\/nachrichten\\\/kongressbericht-6-deutscher-kongress-fuer-patientensicherheit-bei-medikamentoeser-therapie\\\/#primaryimage\"},\"image\":{\"@id\":\"https:\\\/\\\/www.der-arzneimittelbrief.de\\\/nachrichten\\\/kongressbericht-6-deutscher-kongress-fuer-patientensicherheit-bei-medikamentoeser-therapie\\\/#primaryimage\"},\"thumbnailUrl\":\"http:\\\/\\\/www.der-arzneimittelbrief.de\\\/nachrichten\\\/wp-content\\\/uploads\\\/2014\\\/01\\\/2_Studi_Banner_AMB_NEU.jpg\",\"datePublished\":\"2024-12-06T10:25:54+00:00\",\"dateModified\":\"2024-12-06T10:27:27+00:00\",\"author\":{\"@id\":\"https:\\\/\\\/www.der-arzneimittelbrief.de\\\/nachrichten\\\/#\\\/schema\\\/person\\\/2e7981c97826a4941311e607c145d937\"},\"breadcrumb\":{\"@id\":\"https:\\\/\\\/www.der-arzneimittelbrief.de\\\/nachrichten\\\/kongressbericht-6-deutscher-kongress-fuer-patientensicherheit-bei-medikamentoeser-therapie\\\/#breadcrumb\"},\"inLanguage\":\"de\",\"potentialAction\":[{\"@type\":\"ReadAction\",\"target\":[\"https:\\\/\\\/www.der-arzneimittelbrief.de\\\/nachrichten\\\/kongressbericht-6-deutscher-kongress-fuer-patientensicherheit-bei-medikamentoeser-therapie\\\/\"]}]},{\"@type\":\"ImageObject\",\"inLanguage\":\"de\",\"@id\":\"https:\\\/\\\/www.der-arzneimittelbrief.de\\\/nachrichten\\\/kongressbericht-6-deutscher-kongress-fuer-patientensicherheit-bei-medikamentoeser-therapie\\\/#primaryimage\",\"url\":\"http:\\\/\\\/www.der-arzneimittelbrief.de\\\/nachrichten\\\/wp-content\\\/uploads\\\/2014\\\/01\\\/2_Studi_Banner_AMB_NEU.jpg\",\"contentUrl\":\"http:\\\/\\\/www.der-arzneimittelbrief.de\\\/nachrichten\\\/wp-content\\\/uploads\\\/2014\\\/01\\\/2_Studi_Banner_AMB_NEU.jpg\"},{\"@type\":\"BreadcrumbList\",\"@id\":\"https:\\\/\\\/www.der-arzneimittelbrief.de\\\/nachrichten\\\/kongressbericht-6-deutscher-kongress-fuer-patientensicherheit-bei-medikamentoeser-therapie\\\/#breadcrumb\",\"itemListElement\":[{\"@type\":\"ListItem\",\"position\":1,\"name\":\"Start\",\"item\":\"https:\\\/\\\/www.der-arzneimittelbrief.de\\\/nachrichten\\\/\"},{\"@type\":\"ListItem\",\"position\":2,\"name\":\"Kongressbericht: 6. Deutscher Kongress f\u00fcr Patientensicherheit bei medikament\u00f6ser Therapie\"}]},{\"@type\":\"WebSite\",\"@id\":\"https:\\\/\\\/www.der-arzneimittelbrief.de\\\/nachrichten\\\/#website\",\"url\":\"https:\\\/\\\/www.der-arzneimittelbrief.de\\\/nachrichten\\\/\",\"name\":\"Der Arzneimittelbrief\",\"description\":\"Unabh\u00e4ngige Arzneimittelinformationen\",\"potentialAction\":[{\"@type\":\"SearchAction\",\"target\":{\"@type\":\"EntryPoint\",\"urlTemplate\":\"https:\\\/\\\/www.der-arzneimittelbrief.de\\\/nachrichten\\\/?s={search_term_string}\"},\"query-input\":{\"@type\":\"PropertyValueSpecification\",\"valueRequired\":true,\"valueName\":\"search_term_string\"}}],\"inLanguage\":\"de\"},{\"@type\":\"Person\",\"@id\":\"https:\\\/\\\/www.der-arzneimittelbrief.de\\\/nachrichten\\\/#\\\/schema\\\/person\\\/2e7981c97826a4941311e607c145d937\",\"name\":\"henk-amb\",\"image\":{\"@type\":\"ImageObject\",\"inLanguage\":\"de\",\"@id\":\"https:\\\/\\\/secure.gravatar.com\\\/avatar\\\/314c85e3c5c37749a415d1df0e5fe7642768dd0d2f48f8a4fea70eae9b7499fc?s=96&d=mm&r=g\",\"url\":\"https:\\\/\\\/secure.gravatar.com\\\/avatar\\\/314c85e3c5c37749a415d1df0e5fe7642768dd0d2f48f8a4fea70eae9b7499fc?s=96&d=mm&r=g\",\"contentUrl\":\"https:\\\/\\\/secure.gravatar.com\\\/avatar\\\/314c85e3c5c37749a415d1df0e5fe7642768dd0d2f48f8a4fea70eae9b7499fc?s=96&d=mm&r=g\",\"caption\":\"henk-amb\"}}]}<\/script>\n<!-- \/ Yoast SEO plugin. -->","yoast_head_json":{"title":"Kongressbericht: 6. Deutscher Kongress f\u00fcr Patientensicherheit bei medikament\u00f6ser Therapie - Der Arzneimittelbrief","robots":{"index":"index","follow":"follow","max-snippet":"max-snippet:-1","max-image-preview":"max-image-preview:large","max-video-preview":"max-video-preview:-1"},"canonical":"https:\/\/www.der-arzneimittelbrief.de\/nachrichten\/kongressbericht-6-deutscher-kongress-fuer-patientensicherheit-bei-medikamentoeser-therapie\/","og_locale":"de_DE","og_type":"article","og_title":"Kongressbericht: 6. Deutscher Kongress f\u00fcr Patientensicherheit bei medikament\u00f6ser Therapie - Der Arzneimittelbrief","og_description":"Am 24. und 25. Oktober 2024 fand im denkmalgesch\u00fctzten Langenbeck-Virchow-Haus in Berlin-Mitte der \u201e6. Deutsche Kongress f\u00fcr Patientensicherheit bei medikament\u00f6ser Therapie\u201c statt. Zu Beginn dieses Kongresses wurden Gru\u00dfworte von Prof. Dr. Karl Lauterbach (Bundesminister f\u00fcr Gesundheit) projiziert und von dem Beauftragten der Bundesregierung f\u00fcr die Belange von Patientinnen und Patienten (Stefan Schwartze) verlesen. Daneben sprach der [\u2026]","og_url":"https:\/\/www.der-arzneimittelbrief.de\/nachrichten\/kongressbericht-6-deutscher-kongress-fuer-patientensicherheit-bei-medikamentoeser-therapie\/","og_site_name":"Der Arzneimittelbrief","article_publisher":"http:\/\/www.facebook.com\/derarzneimittelbrief.de","article_published_time":"2024-12-06T10:25:54+00:00","article_modified_time":"2024-12-06T10:27:27+00:00","og_image":[{"url":"http:\/\/www.der-arzneimittelbrief.de\/nachrichten\/wp-content\/uploads\/2014\/01\/2_Studi_Banner_AMB_NEU.jpg","type":"","width":"","height":""}],"author":"henk-amb","twitter_misc":{"Verfasst von":"henk-amb","Gesch\u00e4tzte Lesezeit":"2\u00a0Minuten"},"schema":{"@context":"https:\/\/schema.org","@graph":[{"@type":"Article","@id":"https:\/\/www.der-arzneimittelbrief.de\/nachrichten\/kongressbericht-6-deutscher-kongress-fuer-patientensicherheit-bei-medikamentoeser-therapie\/#article","isPartOf":{"@id":"https:\/\/www.der-arzneimittelbrief.de\/nachrichten\/kongressbericht-6-deutscher-kongress-fuer-patientensicherheit-bei-medikamentoeser-therapie\/"},"author":{"name":"henk-amb","@id":"https:\/\/www.der-arzneimittelbrief.de\/nachrichten\/#\/schema\/person\/2e7981c97826a4941311e607c145d937"},"headline":"Kongressbericht: 6. Deutscher Kongress f\u00fcr Patientensicherheit bei medikament\u00f6ser Therapie","datePublished":"2024-12-06T10:25:54+00:00","dateModified":"2024-12-06T10:27:27+00:00","mainEntityOfPage":{"@id":"https:\/\/www.der-arzneimittelbrief.de\/nachrichten\/kongressbericht-6-deutscher-kongress-fuer-patientensicherheit-bei-medikamentoeser-therapie\/"},"wordCount":242,"image":{"@id":"https:\/\/www.der-arzneimittelbrief.de\/nachrichten\/kongressbericht-6-deutscher-kongress-fuer-patientensicherheit-bei-medikamentoeser-therapie\/#primaryimage"},"thumbnailUrl":"http:\/\/www.der-arzneimittelbrief.de\/nachrichten\/wp-content\/uploads\/2014\/01\/2_Studi_Banner_AMB_NEU.jpg","keywords":["Kongressbericht: 6. Deutscher Kongress f\u00fcr Patientensicherheit bei medikament\u00f6ser Therapie"],"inLanguage":"de"},{"@type":"WebPage","@id":"https:\/\/www.der-arzneimittelbrief.de\/nachrichten\/kongressbericht-6-deutscher-kongress-fuer-patientensicherheit-bei-medikamentoeser-therapie\/","url":"https:\/\/www.der-arzneimittelbrief.de\/nachrichten\/kongressbericht-6-deutscher-kongress-fuer-patientensicherheit-bei-medikamentoeser-therapie\/","name":"Kongressbericht: 6. Deutscher Kongress f\u00fcr Patientensicherheit bei medikament\u00f6ser Therapie - Der Arzneimittelbrief","isPartOf":{"@id":"https:\/\/www.der-arzneimittelbrief.de\/nachrichten\/#website"},"primaryImageOfPage":{"@id":"https:\/\/www.der-arzneimittelbrief.de\/nachrichten\/kongressbericht-6-deutscher-kongress-fuer-patientensicherheit-bei-medikamentoeser-therapie\/#primaryimage"},"image":{"@id":"https:\/\/www.der-arzneimittelbrief.de\/nachrichten\/kongressbericht-6-deutscher-kongress-fuer-patientensicherheit-bei-medikamentoeser-therapie\/#primaryimage"},"thumbnailUrl":"http:\/\/www.der-arzneimittelbrief.de\/nachrichten\/wp-content\/uploads\/2014\/01\/2_Studi_Banner_AMB_NEU.jpg","datePublished":"2024-12-06T10:25:54+00:00","dateModified":"2024-12-06T10:27:27+00:00","author":{"@id":"https:\/\/www.der-arzneimittelbrief.de\/nachrichten\/#\/schema\/person\/2e7981c97826a4941311e607c145d937"},"breadcrumb":{"@id":"https:\/\/www.der-arzneimittelbrief.de\/nachrichten\/kongressbericht-6-deutscher-kongress-fuer-patientensicherheit-bei-medikamentoeser-therapie\/#breadcrumb"},"inLanguage":"de","potentialAction":[{"@type":"ReadAction","target":["https:\/\/www.der-arzneimittelbrief.de\/nachrichten\/kongressbericht-6-deutscher-kongress-fuer-patientensicherheit-bei-medikamentoeser-therapie\/"]}]},{"@type":"ImageObject","inLanguage":"de","@id":"https:\/\/www.der-arzneimittelbrief.de\/nachrichten\/kongressbericht-6-deutscher-kongress-fuer-patientensicherheit-bei-medikamentoeser-therapie\/#primaryimage","url":"http:\/\/www.der-arzneimittelbrief.de\/nachrichten\/wp-content\/uploads\/2014\/01\/2_Studi_Banner_AMB_NEU.jpg","contentUrl":"http:\/\/www.der-arzneimittelbrief.de\/nachrichten\/wp-content\/uploads\/2014\/01\/2_Studi_Banner_AMB_NEU.jpg"},{"@type":"BreadcrumbList","@id":"https:\/\/www.der-arzneimittelbrief.de\/nachrichten\/kongressbericht-6-deutscher-kongress-fuer-patientensicherheit-bei-medikamentoeser-therapie\/#breadcrumb","itemListElement":[{"@type":"ListItem","position":1,"name":"Start","item":"https:\/\/www.der-arzneimittelbrief.de\/nachrichten\/"},{"@type":"ListItem","position":2,"name":"Kongressbericht: 6. Deutscher Kongress f\u00fcr Patientensicherheit bei medikament\u00f6ser Therapie"}]},{"@type":"WebSite","@id":"https:\/\/www.der-arzneimittelbrief.de\/nachrichten\/#website","url":"https:\/\/www.der-arzneimittelbrief.de\/nachrichten\/","name":"Der Arzneimittelbrief","description":"Unabh\u00e4ngige Arzneimittelinformationen","potentialAction":[{"@type":"SearchAction","target":{"@type":"EntryPoint","urlTemplate":"https:\/\/www.der-arzneimittelbrief.de\/nachrichten\/?s={search_term_string}"},"query-input":{"@type":"PropertyValueSpecification","valueRequired":true,"valueName":"search_term_string"}}],"inLanguage":"de"},{"@type":"Person","@id":"https:\/\/www.der-arzneimittelbrief.de\/nachrichten\/#\/schema\/person\/2e7981c97826a4941311e607c145d937","name":"henk-amb","image":{"@type":"ImageObject","inLanguage":"de","@id":"https:\/\/secure.gravatar.com\/avatar\/314c85e3c5c37749a415d1df0e5fe7642768dd0d2f48f8a4fea70eae9b7499fc?s=96&d=mm&r=g","url":"https:\/\/secure.gravatar.com\/avatar\/314c85e3c5c37749a415d1df0e5fe7642768dd0d2f48f8a4fea70eae9b7499fc?s=96&d=mm&r=g","contentUrl":"https:\/\/secure.gravatar.com\/avatar\/314c85e3c5c37749a415d1df0e5fe7642768dd0d2f48f8a4fea70eae9b7499fc?s=96&d=mm&r=g","caption":"henk-amb"}}]}},"_links":{"self":[{"href":"https:\/\/www.der-arzneimittelbrief.de\/nachrichten\/api\/wp\/v2\/posts\/6754","targetHints":{"allow":["GET"]}}],"collection":[{"href":"https:\/\/www.der-arzneimittelbrief.de\/nachrichten\/api\/wp\/v2\/posts"}],"about":[{"href":"https:\/\/www.der-arzneimittelbrief.de\/nachrichten\/api\/wp\/v2\/types\/post"}],"author":[{"embeddable":true,"href":"https:\/\/www.der-arzneimittelbrief.de\/nachrichten\/api\/wp\/v2\/users\/5"}],"replies":[{"embeddable":true,"href":"https:\/\/www.der-arzneimittelbrief.de\/nachrichten\/api\/wp\/v2\/comments?post=6754"}],"version-history":[{"count":3,"href":"https:\/\/www.der-arzneimittelbrief.de\/nachrichten\/api\/wp\/v2\/posts\/6754\/revisions"}],"predecessor-version":[{"id":6757,"href":"https:\/\/www.der-arzneimittelbrief.de\/nachrichten\/api\/wp\/v2\/posts\/6754\/revisions\/6757"}],"wp:attachment":[{"href":"https:\/\/www.der-arzneimittelbrief.de\/nachrichten\/api\/wp\/v2\/media?parent=6754"}],"wp:term":[{"taxonomy":"category","embeddable":true,"href":"https:\/\/www.der-arzneimittelbrief.de\/nachrichten\/api\/wp\/v2\/categories?post=6754"},{"taxonomy":"post_tag","embeddable":true,"href":"https:\/\/www.der-arzneimittelbrief.de\/nachrichten\/api\/wp\/v2\/tags?post=6754"}],"curies":[{"name":"wp","href":"https:\/\/api.w.org\/{rel}","templated":true}]}}