{"id":6796,"date":"2025-01-06T10:30:02","date_gmt":"2025-01-06T10:30:02","guid":{"rendered":"https:\/\/www.der-arzneimittelbrief.de\/nachrichten\/?p=6796"},"modified":"2025-01-06T10:31:45","modified_gmt":"2025-01-06T10:31:45","slug":"therapieansaetze-beim-post-covid-syndrom-cme","status":"publish","type":"post","link":"https:\/\/www.der-arzneimittelbrief.de\/nachrichten\/therapieansaetze-beim-post-covid-syndrom-cme\/","title":{"rendered":"Therapieans\u00e4tze beim Post-COVID-Syndrom [CME]"},"content":{"rendered":"<p>Die sehr vielf\u00e4ltigen COVID-Folgeerkrankungen besch\u00e4ftigen \u00c4rztinnen und \u00c4rzte, Sozialversicherungen, Arbeitgeber und die Gesundheitspolitik. Laut Robert Koch-Institut (RKI) berichten 6,5% der Betroffenen 6 bis 12 Monate nach einer SARS-CoV-2-Infektion \u00fcber gesundheitliche St\u00f6rungen mit Einschr\u00e4nkungen in ihren gewohnten Leistungs- und Funktionsf\u00e4higkeiten im Alltag . Die volkswirtschaftlichen Auswirkungen sind bedeutsam. Nach Angaben einer gro\u00dfen gesetzlichen Krankenkasse in Deutschland wurden [\u2026]<\/p>\n","protected":false},"excerpt":{"rendered":"<p>Die sehr vielf\u00e4ltigen COVID-Folgeerkrankungen besch\u00e4ftigen \u00c4rztinnen und \u00c4rzte, Sozialversicherungen, Arbeitgeber und die Gesundheitspolitik. Laut Robert Koch-Institut (RKI) berichten 6,5% der Betroffenen 6 bis 12 Monate nach einer SARS-CoV-2-Infektion \u00fcber gesundheitliche St\u00f6rungen mit Einschr\u00e4nkungen in ihren gewohnten Leistungs- und Funktionsf\u00e4higkeiten im Alltag . Die volkswirtschaftlichen Auswirkungen sind bedeutsam. Nach Angaben einer gro\u00dfen gesetzlichen Krankenkasse in Deutschland wurden [\u2026]<\/p>\n","protected":false},"author":5,"featured_media":0,"comment_status":"closed","ping_status":"closed","sticky":false,"template":"","format":"standard","meta":{"_editorskit_title_hidden":false,"_editorskit_reading_time":0,"_editorskit_is_block_options_detached":false,"_editorskit_block_options_position":"{}","footnotes":""},"categories":[1],"tags":[3759],"class_list":["post-6796","post","type-post","status-publish","format-standard","hentry","category-allgemein","tag-therapieansaetze-beim-post-covid-syndrom-cme"],"yoast_head":"<!-- This site is optimized with the Yoast SEO plugin v27.3 - https:\/\/yoast.com\/product\/yoast-seo-wordpress\/ -->\n<title>Therapieans\u00e4tze beim Post-COVID-Syndrom [CME] - Der Arzneimittelbrief<\/title>\n<meta name=\"robots\" content=\"index, follow, max-snippet:-1, max-image-preview:large, max-video-preview:-1\" \/>\n<link rel=\"canonical\" href=\"https:\/\/www.der-arzneimittelbrief.de\/nachrichten\/therapieansaetze-beim-post-covid-syndrom-cme\/\" \/>\n<meta property=\"og:locale\" content=\"de_DE\" \/>\n<meta property=\"og:type\" content=\"article\" \/>\n<meta property=\"og:title\" content=\"Therapieans\u00e4tze beim Post-COVID-Syndrom [CME] - Der Arzneimittelbrief\" \/>\n<meta property=\"og:description\" content=\"Die sehr vielf\u00e4ltigen COVID-Folgeerkrankungen besch\u00e4ftigen \u00c4rztinnen und \u00c4rzte, Sozialversicherungen, Arbeitgeber und die Gesundheitspolitik. Laut Robert Koch-Institut (RKI) berichten 6,5% der Betroffenen 6 bis 12 Monate nach einer SARS-CoV-2-Infektion \u00fcber gesundheitliche St\u00f6rungen mit Einschr\u00e4nkungen in ihren gewohnten Leistungs- und Funktionsf\u00e4higkeiten im Alltag . Die volkswirtschaftlichen Auswirkungen sind bedeutsam. Nach Angaben einer gro\u00dfen gesetzlichen Krankenkasse in Deutschland wurden [\u2026]\" \/>\n<meta property=\"og:url\" content=\"https:\/\/www.der-arzneimittelbrief.de\/nachrichten\/therapieansaetze-beim-post-covid-syndrom-cme\/\" \/>\n<meta property=\"og:site_name\" content=\"Der Arzneimittelbrief\" \/>\n<meta property=\"article:publisher\" content=\"http:\/\/www.facebook.com\/derarzneimittelbrief.de\" \/>\n<meta property=\"article:published_time\" content=\"2025-01-06T10:30:02+00:00\" \/>\n<meta property=\"article:modified_time\" content=\"2025-01-06T10:31:45+00:00\" \/>\n<meta property=\"og:image\" content=\"http:\/\/www.der-arzneimittelbrief.de\/nachrichten\/wp-content\/uploads\/2014\/01\/2_Studi_Banner_AMB_NEU.jpg\" \/>\n<meta name=\"author\" content=\"henk-amb\" \/>\n<meta name=\"twitter:label1\" content=\"Verfasst von\" \/>\n\t<meta name=\"twitter:data1\" content=\"henk-amb\" \/>\n\t<meta name=\"twitter:label2\" content=\"Gesch\u00e4tzte Lesezeit\" \/>\n\t<meta name=\"twitter:data2\" content=\"3\u00a0Minuten\" \/>\n<script type=\"application\/ld+json\" class=\"yoast-schema-graph\">{\"@context\":\"https:\\\/\\\/schema.org\",\"@graph\":[{\"@type\":\"Article\",\"@id\":\"https:\\\/\\\/www.der-arzneimittelbrief.de\\\/nachrichten\\\/therapieansaetze-beim-post-covid-syndrom-cme\\\/#article\",\"isPartOf\":{\"@id\":\"https:\\\/\\\/www.der-arzneimittelbrief.de\\\/nachrichten\\\/therapieansaetze-beim-post-covid-syndrom-cme\\\/\"},\"author\":{\"name\":\"henk-amb\",\"@id\":\"https:\\\/\\\/www.der-arzneimittelbrief.de\\\/nachrichten\\\/#\\\/schema\\\/person\\\/2e7981c97826a4941311e607c145d937\"},\"headline\":\"Therapieans\u00e4tze beim Post-COVID-Syndrom [CME]\",\"datePublished\":\"2025-01-06T10:30:02+00:00\",\"dateModified\":\"2025-01-06T10:31:45+00:00\",\"mainEntityOfPage\":{\"@id\":\"https:\\\/\\\/www.der-arzneimittelbrief.de\\\/nachrichten\\\/therapieansaetze-beim-post-covid-syndrom-cme\\\/\"},\"wordCount\":298,\"image\":{\"@id\":\"https:\\\/\\\/www.der-arzneimittelbrief.de\\\/nachrichten\\\/therapieansaetze-beim-post-covid-syndrom-cme\\\/#primaryimage\"},\"thumbnailUrl\":\"http:\\\/\\\/www.der-arzneimittelbrief.de\\\/nachrichten\\\/wp-content\\\/uploads\\\/2014\\\/01\\\/2_Studi_Banner_AMB_NEU.jpg\",\"keywords\":[\"Therapieans\u00e4tze beim Post-COVID-Syndrom [CME]\"],\"inLanguage\":\"de\"},{\"@type\":\"WebPage\",\"@id\":\"https:\\\/\\\/www.der-arzneimittelbrief.de\\\/nachrichten\\\/therapieansaetze-beim-post-covid-syndrom-cme\\\/\",\"url\":\"https:\\\/\\\/www.der-arzneimittelbrief.de\\\/nachrichten\\\/therapieansaetze-beim-post-covid-syndrom-cme\\\/\",\"name\":\"Therapieans\u00e4tze beim Post-COVID-Syndrom [CME] - Der Arzneimittelbrief\",\"isPartOf\":{\"@id\":\"https:\\\/\\\/www.der-arzneimittelbrief.de\\\/nachrichten\\\/#website\"},\"primaryImageOfPage\":{\"@id\":\"https:\\\/\\\/www.der-arzneimittelbrief.de\\\/nachrichten\\\/therapieansaetze-beim-post-covid-syndrom-cme\\\/#primaryimage\"},\"image\":{\"@id\":\"https:\\\/\\\/www.der-arzneimittelbrief.de\\\/nachrichten\\\/therapieansaetze-beim-post-covid-syndrom-cme\\\/#primaryimage\"},\"thumbnailUrl\":\"http:\\\/\\\/www.der-arzneimittelbrief.de\\\/nachrichten\\\/wp-content\\\/uploads\\\/2014\\\/01\\\/2_Studi_Banner_AMB_NEU.jpg\",\"datePublished\":\"2025-01-06T10:30:02+00:00\",\"dateModified\":\"2025-01-06T10:31:45+00:00\",\"author\":{\"@id\":\"https:\\\/\\\/www.der-arzneimittelbrief.de\\\/nachrichten\\\/#\\\/schema\\\/person\\\/2e7981c97826a4941311e607c145d937\"},\"breadcrumb\":{\"@id\":\"https:\\\/\\\/www.der-arzneimittelbrief.de\\\/nachrichten\\\/therapieansaetze-beim-post-covid-syndrom-cme\\\/#breadcrumb\"},\"inLanguage\":\"de\",\"potentialAction\":[{\"@type\":\"ReadAction\",\"target\":[\"https:\\\/\\\/www.der-arzneimittelbrief.de\\\/nachrichten\\\/therapieansaetze-beim-post-covid-syndrom-cme\\\/\"]}]},{\"@type\":\"ImageObject\",\"inLanguage\":\"de\",\"@id\":\"https:\\\/\\\/www.der-arzneimittelbrief.de\\\/nachrichten\\\/therapieansaetze-beim-post-covid-syndrom-cme\\\/#primaryimage\",\"url\":\"http:\\\/\\\/www.der-arzneimittelbrief.de\\\/nachrichten\\\/wp-content\\\/uploads\\\/2014\\\/01\\\/2_Studi_Banner_AMB_NEU.jpg\",\"contentUrl\":\"http:\\\/\\\/www.der-arzneimittelbrief.de\\\/nachrichten\\\/wp-content\\\/uploads\\\/2014\\\/01\\\/2_Studi_Banner_AMB_NEU.jpg\"},{\"@type\":\"BreadcrumbList\",\"@id\":\"https:\\\/\\\/www.der-arzneimittelbrief.de\\\/nachrichten\\\/therapieansaetze-beim-post-covid-syndrom-cme\\\/#breadcrumb\",\"itemListElement\":[{\"@type\":\"ListItem\",\"position\":1,\"name\":\"Start\",\"item\":\"https:\\\/\\\/www.der-arzneimittelbrief.de\\\/nachrichten\\\/\"},{\"@type\":\"ListItem\",\"position\":2,\"name\":\"Therapieans\u00e4tze beim Post-COVID-Syndrom [CME]\"}]},{\"@type\":\"WebSite\",\"@id\":\"https:\\\/\\\/www.der-arzneimittelbrief.de\\\/nachrichten\\\/#website\",\"url\":\"https:\\\/\\\/www.der-arzneimittelbrief.de\\\/nachrichten\\\/\",\"name\":\"Der Arzneimittelbrief\",\"description\":\"Unabh\u00e4ngige Arzneimittelinformationen\",\"potentialAction\":[{\"@type\":\"SearchAction\",\"target\":{\"@type\":\"EntryPoint\",\"urlTemplate\":\"https:\\\/\\\/www.der-arzneimittelbrief.de\\\/nachrichten\\\/?s={search_term_string}\"},\"query-input\":{\"@type\":\"PropertyValueSpecification\",\"valueRequired\":true,\"valueName\":\"search_term_string\"}}],\"inLanguage\":\"de\"},{\"@type\":\"Person\",\"@id\":\"https:\\\/\\\/www.der-arzneimittelbrief.de\\\/nachrichten\\\/#\\\/schema\\\/person\\\/2e7981c97826a4941311e607c145d937\",\"name\":\"henk-amb\",\"image\":{\"@type\":\"ImageObject\",\"inLanguage\":\"de\",\"@id\":\"https:\\\/\\\/secure.gravatar.com\\\/avatar\\\/314c85e3c5c37749a415d1df0e5fe7642768dd0d2f48f8a4fea70eae9b7499fc?s=96&d=mm&r=g\",\"url\":\"https:\\\/\\\/secure.gravatar.com\\\/avatar\\\/314c85e3c5c37749a415d1df0e5fe7642768dd0d2f48f8a4fea70eae9b7499fc?s=96&d=mm&r=g\",\"contentUrl\":\"https:\\\/\\\/secure.gravatar.com\\\/avatar\\\/314c85e3c5c37749a415d1df0e5fe7642768dd0d2f48f8a4fea70eae9b7499fc?s=96&d=mm&r=g\",\"caption\":\"henk-amb\"}}]}<\/script>\n<!-- \/ Yoast SEO plugin. -->","yoast_head_json":{"title":"Therapieans\u00e4tze beim Post-COVID-Syndrom [CME] - Der Arzneimittelbrief","robots":{"index":"index","follow":"follow","max-snippet":"max-snippet:-1","max-image-preview":"max-image-preview:large","max-video-preview":"max-video-preview:-1"},"canonical":"https:\/\/www.der-arzneimittelbrief.de\/nachrichten\/therapieansaetze-beim-post-covid-syndrom-cme\/","og_locale":"de_DE","og_type":"article","og_title":"Therapieans\u00e4tze beim Post-COVID-Syndrom [CME] - Der Arzneimittelbrief","og_description":"Die sehr vielf\u00e4ltigen COVID-Folgeerkrankungen besch\u00e4ftigen \u00c4rztinnen und \u00c4rzte, Sozialversicherungen, Arbeitgeber und die Gesundheitspolitik. Laut Robert Koch-Institut (RKI) berichten 6,5% der Betroffenen 6 bis 12 Monate nach einer SARS-CoV-2-Infektion \u00fcber gesundheitliche St\u00f6rungen mit Einschr\u00e4nkungen in ihren gewohnten Leistungs- und Funktionsf\u00e4higkeiten im Alltag . Die volkswirtschaftlichen Auswirkungen sind bedeutsam. Nach Angaben einer gro\u00dfen gesetzlichen Krankenkasse in Deutschland wurden [\u2026]","og_url":"https:\/\/www.der-arzneimittelbrief.de\/nachrichten\/therapieansaetze-beim-post-covid-syndrom-cme\/","og_site_name":"Der Arzneimittelbrief","article_publisher":"http:\/\/www.facebook.com\/derarzneimittelbrief.de","article_published_time":"2025-01-06T10:30:02+00:00","article_modified_time":"2025-01-06T10:31:45+00:00","og_image":[{"url":"http:\/\/www.der-arzneimittelbrief.de\/nachrichten\/wp-content\/uploads\/2014\/01\/2_Studi_Banner_AMB_NEU.jpg","type":"","width":"","height":""}],"author":"henk-amb","twitter_misc":{"Verfasst von":"henk-amb","Gesch\u00e4tzte Lesezeit":"3\u00a0Minuten"},"schema":{"@context":"https:\/\/schema.org","@graph":[{"@type":"Article","@id":"https:\/\/www.der-arzneimittelbrief.de\/nachrichten\/therapieansaetze-beim-post-covid-syndrom-cme\/#article","isPartOf":{"@id":"https:\/\/www.der-arzneimittelbrief.de\/nachrichten\/therapieansaetze-beim-post-covid-syndrom-cme\/"},"author":{"name":"henk-amb","@id":"https:\/\/www.der-arzneimittelbrief.de\/nachrichten\/#\/schema\/person\/2e7981c97826a4941311e607c145d937"},"headline":"Therapieans\u00e4tze beim Post-COVID-Syndrom [CME]","datePublished":"2025-01-06T10:30:02+00:00","dateModified":"2025-01-06T10:31:45+00:00","mainEntityOfPage":{"@id":"https:\/\/www.der-arzneimittelbrief.de\/nachrichten\/therapieansaetze-beim-post-covid-syndrom-cme\/"},"wordCount":298,"image":{"@id":"https:\/\/www.der-arzneimittelbrief.de\/nachrichten\/therapieansaetze-beim-post-covid-syndrom-cme\/#primaryimage"},"thumbnailUrl":"http:\/\/www.der-arzneimittelbrief.de\/nachrichten\/wp-content\/uploads\/2014\/01\/2_Studi_Banner_AMB_NEU.jpg","keywords":["Therapieans\u00e4tze beim Post-COVID-Syndrom [CME]"],"inLanguage":"de"},{"@type":"WebPage","@id":"https:\/\/www.der-arzneimittelbrief.de\/nachrichten\/therapieansaetze-beim-post-covid-syndrom-cme\/","url":"https:\/\/www.der-arzneimittelbrief.de\/nachrichten\/therapieansaetze-beim-post-covid-syndrom-cme\/","name":"Therapieans\u00e4tze beim Post-COVID-Syndrom [CME] - Der Arzneimittelbrief","isPartOf":{"@id":"https:\/\/www.der-arzneimittelbrief.de\/nachrichten\/#website"},"primaryImageOfPage":{"@id":"https:\/\/www.der-arzneimittelbrief.de\/nachrichten\/therapieansaetze-beim-post-covid-syndrom-cme\/#primaryimage"},"image":{"@id":"https:\/\/www.der-arzneimittelbrief.de\/nachrichten\/therapieansaetze-beim-post-covid-syndrom-cme\/#primaryimage"},"thumbnailUrl":"http:\/\/www.der-arzneimittelbrief.de\/nachrichten\/wp-content\/uploads\/2014\/01\/2_Studi_Banner_AMB_NEU.jpg","datePublished":"2025-01-06T10:30:02+00:00","dateModified":"2025-01-06T10:31:45+00:00","author":{"@id":"https:\/\/www.der-arzneimittelbrief.de\/nachrichten\/#\/schema\/person\/2e7981c97826a4941311e607c145d937"},"breadcrumb":{"@id":"https:\/\/www.der-arzneimittelbrief.de\/nachrichten\/therapieansaetze-beim-post-covid-syndrom-cme\/#breadcrumb"},"inLanguage":"de","potentialAction":[{"@type":"ReadAction","target":["https:\/\/www.der-arzneimittelbrief.de\/nachrichten\/therapieansaetze-beim-post-covid-syndrom-cme\/"]}]},{"@type":"ImageObject","inLanguage":"de","@id":"https:\/\/www.der-arzneimittelbrief.de\/nachrichten\/therapieansaetze-beim-post-covid-syndrom-cme\/#primaryimage","url":"http:\/\/www.der-arzneimittelbrief.de\/nachrichten\/wp-content\/uploads\/2014\/01\/2_Studi_Banner_AMB_NEU.jpg","contentUrl":"http:\/\/www.der-arzneimittelbrief.de\/nachrichten\/wp-content\/uploads\/2014\/01\/2_Studi_Banner_AMB_NEU.jpg"},{"@type":"BreadcrumbList","@id":"https:\/\/www.der-arzneimittelbrief.de\/nachrichten\/therapieansaetze-beim-post-covid-syndrom-cme\/#breadcrumb","itemListElement":[{"@type":"ListItem","position":1,"name":"Start","item":"https:\/\/www.der-arzneimittelbrief.de\/nachrichten\/"},{"@type":"ListItem","position":2,"name":"Therapieans\u00e4tze beim Post-COVID-Syndrom [CME]"}]},{"@type":"WebSite","@id":"https:\/\/www.der-arzneimittelbrief.de\/nachrichten\/#website","url":"https:\/\/www.der-arzneimittelbrief.de\/nachrichten\/","name":"Der Arzneimittelbrief","description":"Unabh\u00e4ngige Arzneimittelinformationen","potentialAction":[{"@type":"SearchAction","target":{"@type":"EntryPoint","urlTemplate":"https:\/\/www.der-arzneimittelbrief.de\/nachrichten\/?s={search_term_string}"},"query-input":{"@type":"PropertyValueSpecification","valueRequired":true,"valueName":"search_term_string"}}],"inLanguage":"de"},{"@type":"Person","@id":"https:\/\/www.der-arzneimittelbrief.de\/nachrichten\/#\/schema\/person\/2e7981c97826a4941311e607c145d937","name":"henk-amb","image":{"@type":"ImageObject","inLanguage":"de","@id":"https:\/\/secure.gravatar.com\/avatar\/314c85e3c5c37749a415d1df0e5fe7642768dd0d2f48f8a4fea70eae9b7499fc?s=96&d=mm&r=g","url":"https:\/\/secure.gravatar.com\/avatar\/314c85e3c5c37749a415d1df0e5fe7642768dd0d2f48f8a4fea70eae9b7499fc?s=96&d=mm&r=g","contentUrl":"https:\/\/secure.gravatar.com\/avatar\/314c85e3c5c37749a415d1df0e5fe7642768dd0d2f48f8a4fea70eae9b7499fc?s=96&d=mm&r=g","caption":"henk-amb"}}]}},"_links":{"self":[{"href":"https:\/\/www.der-arzneimittelbrief.de\/nachrichten\/api\/wp\/v2\/posts\/6796","targetHints":{"allow":["GET"]}}],"collection":[{"href":"https:\/\/www.der-arzneimittelbrief.de\/nachrichten\/api\/wp\/v2\/posts"}],"about":[{"href":"https:\/\/www.der-arzneimittelbrief.de\/nachrichten\/api\/wp\/v2\/types\/post"}],"author":[{"embeddable":true,"href":"https:\/\/www.der-arzneimittelbrief.de\/nachrichten\/api\/wp\/v2\/users\/5"}],"replies":[{"embeddable":true,"href":"https:\/\/www.der-arzneimittelbrief.de\/nachrichten\/api\/wp\/v2\/comments?post=6796"}],"version-history":[{"count":3,"href":"https:\/\/www.der-arzneimittelbrief.de\/nachrichten\/api\/wp\/v2\/posts\/6796\/revisions"}],"predecessor-version":[{"id":6799,"href":"https:\/\/www.der-arzneimittelbrief.de\/nachrichten\/api\/wp\/v2\/posts\/6796\/revisions\/6799"}],"wp:attachment":[{"href":"https:\/\/www.der-arzneimittelbrief.de\/nachrichten\/api\/wp\/v2\/media?parent=6796"}],"wp:term":[{"taxonomy":"category","embeddable":true,"href":"https:\/\/www.der-arzneimittelbrief.de\/nachrichten\/api\/wp\/v2\/categories?post=6796"},{"taxonomy":"post_tag","embeddable":true,"href":"https:\/\/www.der-arzneimittelbrief.de\/nachrichten\/api\/wp\/v2\/tags?post=6796"}],"curies":[{"name":"wp","href":"https:\/\/api.w.org\/{rel}","templated":true}]}}