{"id":3951,"date":"2017-05-29T18:11:26","date_gmt":"2017-05-29T18:11:26","guid":{"rendered":"http:\/\/www.der-arzneimittelbrief.de\/nachrichten\/?p=3951"},"modified":"2017-05-29T18:15:21","modified_gmt":"2017-05-29T18:15:21","slug":"leserbrief-impfung-gegen-das-humane-papillom-virus-auch-fuer-maenner","status":"publish","type":"post","link":"https:\/\/www.der-arzneimittelbrief.de\/nachrichten\/leserbrief-impfung-gegen-das-humane-papillom-virus-auch-fuer-maenner\/","title":{"rendered":"Leserbrief: Impfung gegen das Humane Papillom-Virus auch f\u00fcr M\u00e4nner?"},"content":{"rendered":"<div id=\"content1\">\n<p><span id=\"ctl00_Content1_UCAnzeigeArtikel1_AnzeigeNr\">\u00a0AMB 2017, <strong>51<\/strong>, 39b\u00a0<\/span><\/p>\n<div id=\"ctl00_Content1_UCAnzeigeArtikel1_AnzeigeTitel\">\n<h2>Leserbrief: Impfung gegen das Humane Papillom-Virus auch f\u00fcr M\u00e4nner?<\/h2>\n<\/div>\n<p><b>Frage<\/b> von Dr. C.J. aus M.: &gt;&gt; Auf deutschen Impf-Fortbildungen (aber auch z.B. in den brasilianischen Medien) taucht das Thema HPV-Impfung auch bei m\u00e4nnlichen Jugendlichen auf. Es geht nicht nur um Krebsvorsorge im Genital- sondern auch im Oropharynxbereich. Gibt es belastbare Studien gegen Plazebo, dass diese Impfung Krebserkrankungen verhindert? <b><a href=\" http:\/\/www.der-arzneimittelbrief.de\/de\/Artikel.aspx?J=2017&amp;S=39b\"><strong>Bitte abonnieren oder Kennlernartikel anfordern \u2013&gt;<\/strong><\/a><\/b><\/p>\n<p>&nbsp;<\/p>\n<p><strong>Alle Artikel zum Schlagwort: Papillom-Virus,<\/strong><\/p>\n<p><a class=\"link1\" href=\"http:\/\/www.der-arzneimittelbrief.de\/de\/Artikel.aspx?J=2017&amp;S=39b\" target=\"_self\"><span style=\"color: #000000;\"><strong>Leserbrief: Impfung gegen das Humane Papillom-Virus auch f\u00fcr M\u00e4nner<\/strong><\/span>?<\/a>\u00a0<a class=\"link\" href=\"http:\/\/www.der-arzneimittelbrief.de\/de\/Artikel.aspx?J=2017&amp;S=39b\" target=\"_self\">2017, <b>51<\/b>, 39b<\/a><\/p>\n<p><strong><span style=\"color: #000000;\"><a class=\"link1\" style=\"color: #000000;\" href=\"http:\/\/www.der-arzneimittelbrief.de\/de\/Artikel.aspx?J=2011&amp;S=95\" target=\"_self\">Leserbrief Impfung gegen humane Papillom-Viren (HPV)<\/a>\u00a0<\/span><a class=\"link\" href=\"http:\/\/www.der-arzneimittelbrief.de\/de\/Artikel.aspx?J=2011&amp;S=95\" target=\"_self\"><span style=\"color: #000000;\">2011<\/span>, 45, 95<\/a><\/strong><\/p>\n<p><span style=\"color: #000000;\"><strong><a class=\"link1\" style=\"color: #000000;\" href=\"http:\/\/www.der-arzneimittelbrief.de\/de\/Artikel.aspx?J=2009&amp;S=01\" target=\"_self\">Neue Arzneimittel 2007<\/a>\u00a0<\/strong><\/span><a class=\"link\" href=\"http:\/\/www.der-arzneimittelbrief.de\/de\/Artikel.aspx?J=2009&amp;S=01\" target=\"_self\"><span style=\"color: #000000;\"><strong>2009<\/strong><\/span>, <b>43<\/b><strong>, 01<\/strong><\/a><\/p>\n<p><span style=\"color: #000000;\"><strong><a class=\"link1\" style=\"color: #000000;\" href=\"http:\/\/www.der-arzneimittelbrief.de\/de\/Artikel.aspx?J=2007&amp;S=91\" target=\"_self\">ANCA-assoziierte Vaskulitiden: Pathogenetische Konzepte und neue Therapieoptionen<\/a>\u00a0<\/strong><\/span><a class=\"link\" href=\"http:\/\/www.der-arzneimittelbrief.de\/de\/Artikel.aspx?J=2007&amp;S=91\" target=\"_self\"><strong><span style=\"color: #000000;\">2007<\/span>,<\/strong> <b>41<\/b>, 91<\/a><\/p>\n<p><span style=\"color: #000000;\"><strong><a class=\"link1\" style=\"color: #000000;\" href=\"http:\/\/www.der-arzneimittelbrief.de\/de\/Artikel.aspx?J=2007&amp;S=03\" target=\"_self\">Impfstoff gegen das Humane Papillom-Virus &#8211; wichtiger praktischer Ansatz einer Anti-Tumor-Vakzinierung<\/a>\u00a0<\/strong><\/span><a class=\"link\" href=\"http:\/\/www.der-arzneimittelbrief.de\/de\/Artikel.aspx?J=2007&amp;S=03\" target=\"_self\"><span style=\"color: #000000;\"><strong>2007,<\/strong><\/span> <b>41<\/b>, 03<\/a><\/p>\n<p>&nbsp;<\/p>\n<div>\n<p><strong>\u00a0Verl\u00e4ssliche Daten zu Arzneimitteln<\/strong><\/p>\n<p>&nbsp;<\/p>\n<p><strong>DER ARZNEIMITTELBRIEF<\/strong> informiert seit 1967 \u00c4rzte, Medizinstudenten, Apotheker und Angeh\u00f6rige anderer Heilberufe \u00fcber Nutzen und Risiken von Arzneimitteln.<\/p>\n<p><strong>DER ARZNEIMITTELBRIEF<\/strong> erscheint als unabh\u00e4ngige Zeitschrift ohne Werbeanzeigen der Pharmaindustrie. Er wird ausschlie\u00dflich durch seine Leserinnen und Leser, d. h. durch die Abonnenten, finanziert. Wir bitten Sie deshalb um Verst\u00e4ndnis, dass wir aktuelle Artikel nur auszugsweise ver\u00f6ffentlichen k\u00f6nnen.<\/p>\n<p><a href=\"http:\/\/gutepillen-schlechtepillen.de\/pages\/abo-einzelperson.php\" target=\"_blank\"><img decoding=\"async\" title=\"Gute Pillen - Schlechte Pillen ist ein ganz besonderes Projekt.\" src=\"http:\/\/www.der-arzneimittelbrief.de\/nachrichten\/wp-content\/uploads\/2014\/01\/GPSP_Banner_AMB_01_2013.jpg\" alt=\"GPSP_Banner_AMB_01_2013\" width=\"150\" height=\"150\" \/><\/a> <a href=\"http:\/\/www.der-arzneimittelbrief.de\/de\/Abonnement-Einzelnutzer-Studenten.aspx\"><img decoding=\"async\" title=\"Was bringt DER ARZNEIMITTELBRIEF speziell f\u00fcr Studentinnen und Studenten und den Beginn des Berufslebens?\" src=\"http:\/\/www.der-arzneimittelbrief.de\/nachrichten\/wp-content\/uploads\/2014\/01\/2_Studi_Banner_AMB_NEU.jpg\" alt=\"2_Studi_Banner_AMB_NEU\" width=\"150\" height=\"150\" \/><\/a> <a href=\"http:\/\/www.der-arzneimittelbrief.de\/de\/isdb.aspx\"><img decoding=\"async\" title=\"DER ARZNEIMITTELBRIEF als Mitglied im ISDB\" src=\"http:\/\/www.der-arzneimittelbrief.de\/nachrichten\/wp-content\/uploads\/2014\/01\/ISDB_Banner_AMB.jpg\" alt=\"DER ARZNEIMITTELBRIEF als Mitglied im ISDB\" width=\"150\" height=\"150\" \/><\/a> <a href=\"http:\/\/www.der-arzneimittelbrief.de\/de\/Abonnieren.aspx\"><img loading=\"lazy\" decoding=\"async\" title=\"Sie k\u00f6nnen den ARZNEIMITTELBRIEF in 4 Preiskategorien abonnieren:\" src=\"http:\/\/www.der-arzneimittelbrief.de\/nachrichten\/wp-content\/uploads\/2014\/07\/1_ABO_Banner_AMB_NEU.jpg\" alt=\"Sie k\u00f6nnen den ARZNEIMITTELBRIEF in 4 Preiskategorien abonnieren:\" width=\"150\" height=\"150\" \/><\/a><\/p>\n<\/div>\n<\/div>\n","protected":false},"excerpt":{"rendered":"<p>\u00a0AMB 2017, 51, 39b\u00a0 Leserbrief: Impfung gegen das Humane Papillom-Virus auch f\u00fcr M\u00e4nner? Frage von Dr. C.J. aus M.: &gt;&gt; Auf deutschen Impf-Fortbildungen (aber auch z.B. in den brasilianischen Medien) taucht das Thema HPV-Impfung auch bei m\u00e4nnlichen Jugendlichen auf. Es geht nicht nur um Krebsvorsorge im Genital- sondern auch im Oropharynxbereich. Gibt es belastbare Studien [&hellip;]<\/p>\n","protected":false},"author":5,"featured_media":0,"comment_status":"closed","ping_status":"open","sticky":false,"template":"","format":"standard","meta":{"_editorskit_title_hidden":false,"_editorskit_reading_time":0,"_editorskit_is_block_options_detached":false,"_editorskit_block_options_position":"{}","footnotes":""},"categories":[1],"tags":[2662,2659,2660,2661,41,261,42,2664,2658,2663,337,45],"class_list":["post-3951","post","type-post","status-publish","format-standard","hentry","category-allgemein","tag-analkarzinom","tag-condylomata-acuminata","tag-feigwarzen","tag-genitalwarzen","tag-hpv","tag-hpv-impfung","tag-humanes-papillom-virus","tag-oropharynxkarzinom","tag-papillom-virus","tag-peniskarzinom","tag-tumore","tag-warzen"],"yoast_head":"<!-- This site is optimized with the Yoast SEO plugin v28.3 - https:\/\/yoast.com\/product\/yoast-seo-wordpress\/ -->\n<title>Impfung gegen das Humane Papillom-Virus auch f\u00fcr M\u00e4nner?<\/title>\n<meta name=\"description\" content=\"Leserbrief: Impfung gegen das Humane Papillom-Virus auch f\u00fcr M\u00e4nner? - uf deutschen Impf-Fortbildungen (aber auch z.B. in den brasilianischen Medien) ....\" \/>\n<meta name=\"robots\" content=\"index, follow, max-snippet:-1, max-image-preview:large, max-video-preview:-1\" \/>\n<link rel=\"canonical\" href=\"https:\/\/www.der-arzneimittelbrief.de\/nachrichten\/leserbrief-impfung-gegen-das-humane-papillom-virus-auch-fuer-maenner\/\" \/>\n<meta property=\"og:locale\" content=\"de_DE\" \/>\n<meta property=\"og:type\" content=\"article\" \/>\n<meta property=\"og:title\" content=\"Impfung gegen das Humane Papillom-Virus auch f\u00fcr M\u00e4nner?\" \/>\n<meta property=\"og:description\" content=\"Leserbrief: Impfung gegen das Humane Papillom-Virus auch f\u00fcr M\u00e4nner? - uf deutschen Impf-Fortbildungen (aber auch z.B. in den brasilianischen Medien) ....\" \/>\n<meta property=\"og:url\" content=\"https:\/\/www.der-arzneimittelbrief.de\/nachrichten\/leserbrief-impfung-gegen-das-humane-papillom-virus-auch-fuer-maenner\/\" \/>\n<meta property=\"og:site_name\" content=\"Der Arzneimittelbrief\" \/>\n<meta property=\"article:publisher\" content=\"http:\/\/www.facebook.com\/derarzneimittelbrief.de\" \/>\n<meta property=\"article:published_time\" content=\"2017-05-29T18:11:26+00:00\" \/>\n<meta property=\"article:modified_time\" content=\"2017-05-29T18:15:21+00:00\" \/>\n<meta property=\"og:image\" content=\"http:\/\/www.der-arzneimittelbrief.de\/nachrichten\/wp-content\/uploads\/2014\/01\/GPSP_Banner_AMB_01_2013.jpg\" \/>\n<meta name=\"author\" content=\"henk-amb\" \/>\n<meta name=\"twitter:label1\" content=\"Verfasst von\" \/>\n\t<meta name=\"twitter:data1\" content=\"henk-amb\" \/>\n\t<meta name=\"twitter:label2\" content=\"Gesch\u00e4tzte Lesezeit\" \/>\n\t<meta name=\"twitter:data2\" content=\"1\u00a0Minute\" \/>\n<script type=\"application\/ld+json\" class=\"yoast-schema-graph\">{\"@context\":\"https:\\\/\\\/schema.org\",\"@graph\":[{\"@type\":\"Article\",\"@id\":\"https:\\\/\\\/www.der-arzneimittelbrief.de\\\/nachrichten\\\/leserbrief-impfung-gegen-das-humane-papillom-virus-auch-fuer-maenner\\\/#article\",\"isPartOf\":{\"@id\":\"https:\\\/\\\/www.der-arzneimittelbrief.de\\\/nachrichten\\\/leserbrief-impfung-gegen-das-humane-papillom-virus-auch-fuer-maenner\\\/\"},\"author\":{\"name\":\"henk-amb\",\"@id\":\"https:\\\/\\\/www.der-arzneimittelbrief.de\\\/nachrichten\\\/#\\\/schema\\\/person\\\/2e7981c97826a4941311e607c145d937\"},\"headline\":\"Leserbrief: Impfung gegen das Humane Papillom-Virus auch f\u00fcr M\u00e4nner?\",\"datePublished\":\"2017-05-29T18:11:26+00:00\",\"dateModified\":\"2017-05-29T18:15:21+00:00\",\"mainEntityOfPage\":{\"@id\":\"https:\\\/\\\/www.der-arzneimittelbrief.de\\\/nachrichten\\\/leserbrief-impfung-gegen-das-humane-papillom-virus-auch-fuer-maenner\\\/\"},\"wordCount\":195,\"image\":{\"@id\":\"https:\\\/\\\/www.der-arzneimittelbrief.de\\\/nachrichten\\\/leserbrief-impfung-gegen-das-humane-papillom-virus-auch-fuer-maenner\\\/#primaryimage\"},\"thumbnailUrl\":\"http:\\\/\\\/www.der-arzneimittelbrief.de\\\/nachrichten\\\/wp-content\\\/uploads\\\/2014\\\/01\\\/GPSP_Banner_AMB_01_2013.jpg\",\"keywords\":[\"Analkarzinom\",\"Condylomata acuminata\",\"Feigwarzen\",\"Genitalwarzen\",\"HPV\",\"HPV-Impfung\",\"Humanes Papillom-Virus\",\"Oropharynxkarzinom\",\"Papillom-Virus\",\"Peniskarzinom\",\"Tumore\",\"Warzen\"],\"inLanguage\":\"de\"},{\"@type\":\"WebPage\",\"@id\":\"https:\\\/\\\/www.der-arzneimittelbrief.de\\\/nachrichten\\\/leserbrief-impfung-gegen-das-humane-papillom-virus-auch-fuer-maenner\\\/\",\"url\":\"https:\\\/\\\/www.der-arzneimittelbrief.de\\\/nachrichten\\\/leserbrief-impfung-gegen-das-humane-papillom-virus-auch-fuer-maenner\\\/\",\"name\":\"Impfung gegen das Humane Papillom-Virus auch f\u00fcr M\u00e4nner?\",\"isPartOf\":{\"@id\":\"https:\\\/\\\/www.der-arzneimittelbrief.de\\\/nachrichten\\\/#website\"},\"primaryImageOfPage\":{\"@id\":\"https:\\\/\\\/www.der-arzneimittelbrief.de\\\/nachrichten\\\/leserbrief-impfung-gegen-das-humane-papillom-virus-auch-fuer-maenner\\\/#primaryimage\"},\"image\":{\"@id\":\"https:\\\/\\\/www.der-arzneimittelbrief.de\\\/nachrichten\\\/leserbrief-impfung-gegen-das-humane-papillom-virus-auch-fuer-maenner\\\/#primaryimage\"},\"thumbnailUrl\":\"http:\\\/\\\/www.der-arzneimittelbrief.de\\\/nachrichten\\\/wp-content\\\/uploads\\\/2014\\\/01\\\/GPSP_Banner_AMB_01_2013.jpg\",\"datePublished\":\"2017-05-29T18:11:26+00:00\",\"dateModified\":\"2017-05-29T18:15:21+00:00\",\"author\":{\"@id\":\"https:\\\/\\\/www.der-arzneimittelbrief.de\\\/nachrichten\\\/#\\\/schema\\\/person\\\/2e7981c97826a4941311e607c145d937\"},\"description\":\"Leserbrief: Impfung gegen das Humane Papillom-Virus auch f\u00fcr M\u00e4nner? - uf deutschen Impf-Fortbildungen (aber auch z.B. in den brasilianischen Medien) ....\",\"breadcrumb\":{\"@id\":\"https:\\\/\\\/www.der-arzneimittelbrief.de\\\/nachrichten\\\/leserbrief-impfung-gegen-das-humane-papillom-virus-auch-fuer-maenner\\\/#breadcrumb\"},\"inLanguage\":\"de\",\"potentialAction\":[{\"@type\":\"ReadAction\",\"target\":[\"https:\\\/\\\/www.der-arzneimittelbrief.de\\\/nachrichten\\\/leserbrief-impfung-gegen-das-humane-papillom-virus-auch-fuer-maenner\\\/\"]}]},{\"@type\":\"ImageObject\",\"inLanguage\":\"de\",\"@id\":\"https:\\\/\\\/www.der-arzneimittelbrief.de\\\/nachrichten\\\/leserbrief-impfung-gegen-das-humane-papillom-virus-auch-fuer-maenner\\\/#primaryimage\",\"url\":\"http:\\\/\\\/www.der-arzneimittelbrief.de\\\/nachrichten\\\/wp-content\\\/uploads\\\/2014\\\/01\\\/GPSP_Banner_AMB_01_2013.jpg\",\"contentUrl\":\"http:\\\/\\\/www.der-arzneimittelbrief.de\\\/nachrichten\\\/wp-content\\\/uploads\\\/2014\\\/01\\\/GPSP_Banner_AMB_01_2013.jpg\"},{\"@type\":\"BreadcrumbList\",\"@id\":\"https:\\\/\\\/www.der-arzneimittelbrief.de\\\/nachrichten\\\/leserbrief-impfung-gegen-das-humane-papillom-virus-auch-fuer-maenner\\\/#breadcrumb\",\"itemListElement\":[{\"@type\":\"ListItem\",\"position\":1,\"name\":\"Start\",\"item\":\"https:\\\/\\\/www.der-arzneimittelbrief.de\\\/nachrichten\\\/\"},{\"@type\":\"ListItem\",\"position\":2,\"name\":\"Leserbrief: Impfung gegen das Humane Papillom-Virus auch f\u00fcr M\u00e4nner?\"}]},{\"@type\":\"WebSite\",\"@id\":\"https:\\\/\\\/www.der-arzneimittelbrief.de\\\/nachrichten\\\/#website\",\"url\":\"https:\\\/\\\/www.der-arzneimittelbrief.de\\\/nachrichten\\\/\",\"name\":\"Der Arzneimittelbrief\",\"description\":\"Unabh\u00e4ngige Arzneimittelinformationen\",\"potentialAction\":[{\"@type\":\"SearchAction\",\"target\":{\"@type\":\"EntryPoint\",\"urlTemplate\":\"https:\\\/\\\/www.der-arzneimittelbrief.de\\\/nachrichten\\\/?s={search_term_string}\"},\"query-input\":{\"@type\":\"PropertyValueSpecification\",\"valueRequired\":true,\"valueName\":\"search_term_string\"}}],\"inLanguage\":\"de\"},{\"@type\":\"Person\",\"@id\":\"https:\\\/\\\/www.der-arzneimittelbrief.de\\\/nachrichten\\\/#\\\/schema\\\/person\\\/2e7981c97826a4941311e607c145d937\",\"name\":\"henk-amb\",\"image\":{\"@type\":\"ImageObject\",\"inLanguage\":\"de\",\"@id\":\"https:\\\/\\\/secure.gravatar.com\\\/avatar\\\/314c85e3c5c37749a415d1df0e5fe7642768dd0d2f48f8a4fea70eae9b7499fc?s=96&d=mm&r=g\",\"url\":\"https:\\\/\\\/secure.gravatar.com\\\/avatar\\\/314c85e3c5c37749a415d1df0e5fe7642768dd0d2f48f8a4fea70eae9b7499fc?s=96&d=mm&r=g\",\"contentUrl\":\"https:\\\/\\\/secure.gravatar.com\\\/avatar\\\/314c85e3c5c37749a415d1df0e5fe7642768dd0d2f48f8a4fea70eae9b7499fc?s=96&d=mm&r=g\",\"caption\":\"henk-amb\"}}]}<\/script>\n<!-- \/ Yoast SEO plugin. -->","yoast_head_json":{"title":"Impfung gegen das Humane Papillom-Virus auch f\u00fcr M\u00e4nner?","description":"Leserbrief: Impfung gegen das Humane Papillom-Virus auch f\u00fcr M\u00e4nner? - uf deutschen Impf-Fortbildungen (aber auch z.B. in den brasilianischen Medien) ....","robots":{"index":"index","follow":"follow","max-snippet":"max-snippet:-1","max-image-preview":"max-image-preview:large","max-video-preview":"max-video-preview:-1"},"canonical":"https:\/\/www.der-arzneimittelbrief.de\/nachrichten\/leserbrief-impfung-gegen-das-humane-papillom-virus-auch-fuer-maenner\/","og_locale":"de_DE","og_type":"article","og_title":"Impfung gegen das Humane Papillom-Virus auch f\u00fcr M\u00e4nner?","og_description":"Leserbrief: Impfung gegen das Humane Papillom-Virus auch f\u00fcr M\u00e4nner? - uf deutschen Impf-Fortbildungen (aber auch z.B. in den brasilianischen Medien) ....","og_url":"https:\/\/www.der-arzneimittelbrief.de\/nachrichten\/leserbrief-impfung-gegen-das-humane-papillom-virus-auch-fuer-maenner\/","og_site_name":"Der Arzneimittelbrief","article_publisher":"http:\/\/www.facebook.com\/derarzneimittelbrief.de","article_published_time":"2017-05-29T18:11:26+00:00","article_modified_time":"2017-05-29T18:15:21+00:00","og_image":[{"url":"http:\/\/www.der-arzneimittelbrief.de\/nachrichten\/wp-content\/uploads\/2014\/01\/GPSP_Banner_AMB_01_2013.jpg","type":"","width":"","height":""}],"author":"henk-amb","twitter_misc":{"Verfasst von":"henk-amb","Gesch\u00e4tzte Lesezeit":"1\u00a0Minute"},"schema":{"@context":"https:\/\/schema.org","@graph":[{"@type":"Article","@id":"https:\/\/www.der-arzneimittelbrief.de\/nachrichten\/leserbrief-impfung-gegen-das-humane-papillom-virus-auch-fuer-maenner\/#article","isPartOf":{"@id":"https:\/\/www.der-arzneimittelbrief.de\/nachrichten\/leserbrief-impfung-gegen-das-humane-papillom-virus-auch-fuer-maenner\/"},"author":{"name":"henk-amb","@id":"https:\/\/www.der-arzneimittelbrief.de\/nachrichten\/#\/schema\/person\/2e7981c97826a4941311e607c145d937"},"headline":"Leserbrief: Impfung gegen das Humane Papillom-Virus auch f\u00fcr M\u00e4nner?","datePublished":"2017-05-29T18:11:26+00:00","dateModified":"2017-05-29T18:15:21+00:00","mainEntityOfPage":{"@id":"https:\/\/www.der-arzneimittelbrief.de\/nachrichten\/leserbrief-impfung-gegen-das-humane-papillom-virus-auch-fuer-maenner\/"},"wordCount":195,"image":{"@id":"https:\/\/www.der-arzneimittelbrief.de\/nachrichten\/leserbrief-impfung-gegen-das-humane-papillom-virus-auch-fuer-maenner\/#primaryimage"},"thumbnailUrl":"http:\/\/www.der-arzneimittelbrief.de\/nachrichten\/wp-content\/uploads\/2014\/01\/GPSP_Banner_AMB_01_2013.jpg","keywords":["Analkarzinom","Condylomata acuminata","Feigwarzen","Genitalwarzen","HPV","HPV-Impfung","Humanes Papillom-Virus","Oropharynxkarzinom","Papillom-Virus","Peniskarzinom","Tumore","Warzen"],"inLanguage":"de"},{"@type":"WebPage","@id":"https:\/\/www.der-arzneimittelbrief.de\/nachrichten\/leserbrief-impfung-gegen-das-humane-papillom-virus-auch-fuer-maenner\/","url":"https:\/\/www.der-arzneimittelbrief.de\/nachrichten\/leserbrief-impfung-gegen-das-humane-papillom-virus-auch-fuer-maenner\/","name":"Impfung gegen das Humane Papillom-Virus auch f\u00fcr M\u00e4nner?","isPartOf":{"@id":"https:\/\/www.der-arzneimittelbrief.de\/nachrichten\/#website"},"primaryImageOfPage":{"@id":"https:\/\/www.der-arzneimittelbrief.de\/nachrichten\/leserbrief-impfung-gegen-das-humane-papillom-virus-auch-fuer-maenner\/#primaryimage"},"image":{"@id":"https:\/\/www.der-arzneimittelbrief.de\/nachrichten\/leserbrief-impfung-gegen-das-humane-papillom-virus-auch-fuer-maenner\/#primaryimage"},"thumbnailUrl":"http:\/\/www.der-arzneimittelbrief.de\/nachrichten\/wp-content\/uploads\/2014\/01\/GPSP_Banner_AMB_01_2013.jpg","datePublished":"2017-05-29T18:11:26+00:00","dateModified":"2017-05-29T18:15:21+00:00","author":{"@id":"https:\/\/www.der-arzneimittelbrief.de\/nachrichten\/#\/schema\/person\/2e7981c97826a4941311e607c145d937"},"description":"Leserbrief: Impfung gegen das Humane Papillom-Virus auch f\u00fcr M\u00e4nner? - uf deutschen Impf-Fortbildungen (aber auch z.B. in den brasilianischen Medien) ....","breadcrumb":{"@id":"https:\/\/www.der-arzneimittelbrief.de\/nachrichten\/leserbrief-impfung-gegen-das-humane-papillom-virus-auch-fuer-maenner\/#breadcrumb"},"inLanguage":"de","potentialAction":[{"@type":"ReadAction","target":["https:\/\/www.der-arzneimittelbrief.de\/nachrichten\/leserbrief-impfung-gegen-das-humane-papillom-virus-auch-fuer-maenner\/"]}]},{"@type":"ImageObject","inLanguage":"de","@id":"https:\/\/www.der-arzneimittelbrief.de\/nachrichten\/leserbrief-impfung-gegen-das-humane-papillom-virus-auch-fuer-maenner\/#primaryimage","url":"http:\/\/www.der-arzneimittelbrief.de\/nachrichten\/wp-content\/uploads\/2014\/01\/GPSP_Banner_AMB_01_2013.jpg","contentUrl":"http:\/\/www.der-arzneimittelbrief.de\/nachrichten\/wp-content\/uploads\/2014\/01\/GPSP_Banner_AMB_01_2013.jpg"},{"@type":"BreadcrumbList","@id":"https:\/\/www.der-arzneimittelbrief.de\/nachrichten\/leserbrief-impfung-gegen-das-humane-papillom-virus-auch-fuer-maenner\/#breadcrumb","itemListElement":[{"@type":"ListItem","position":1,"name":"Start","item":"https:\/\/www.der-arzneimittelbrief.de\/nachrichten\/"},{"@type":"ListItem","position":2,"name":"Leserbrief: Impfung gegen das Humane Papillom-Virus auch f\u00fcr M\u00e4nner?"}]},{"@type":"WebSite","@id":"https:\/\/www.der-arzneimittelbrief.de\/nachrichten\/#website","url":"https:\/\/www.der-arzneimittelbrief.de\/nachrichten\/","name":"Der Arzneimittelbrief","description":"Unabh\u00e4ngige Arzneimittelinformationen","potentialAction":[{"@type":"SearchAction","target":{"@type":"EntryPoint","urlTemplate":"https:\/\/www.der-arzneimittelbrief.de\/nachrichten\/?s={search_term_string}"},"query-input":{"@type":"PropertyValueSpecification","valueRequired":true,"valueName":"search_term_string"}}],"inLanguage":"de"},{"@type":"Person","@id":"https:\/\/www.der-arzneimittelbrief.de\/nachrichten\/#\/schema\/person\/2e7981c97826a4941311e607c145d937","name":"henk-amb","image":{"@type":"ImageObject","inLanguage":"de","@id":"https:\/\/secure.gravatar.com\/avatar\/314c85e3c5c37749a415d1df0e5fe7642768dd0d2f48f8a4fea70eae9b7499fc?s=96&d=mm&r=g","url":"https:\/\/secure.gravatar.com\/avatar\/314c85e3c5c37749a415d1df0e5fe7642768dd0d2f48f8a4fea70eae9b7499fc?s=96&d=mm&r=g","contentUrl":"https:\/\/secure.gravatar.com\/avatar\/314c85e3c5c37749a415d1df0e5fe7642768dd0d2f48f8a4fea70eae9b7499fc?s=96&d=mm&r=g","caption":"henk-amb"}}]}},"_links":{"self":[{"href":"https:\/\/www.der-arzneimittelbrief.de\/nachrichten\/wp-json\/wp\/v2\/posts\/3951","targetHints":{"allow":["GET"]}}],"collection":[{"href":"https:\/\/www.der-arzneimittelbrief.de\/nachrichten\/wp-json\/wp\/v2\/posts"}],"about":[{"href":"https:\/\/www.der-arzneimittelbrief.de\/nachrichten\/wp-json\/wp\/v2\/types\/post"}],"author":[{"embeddable":true,"href":"https:\/\/www.der-arzneimittelbrief.de\/nachrichten\/wp-json\/wp\/v2\/users\/5"}],"replies":[{"embeddable":true,"href":"https:\/\/www.der-arzneimittelbrief.de\/nachrichten\/wp-json\/wp\/v2\/comments?post=3951"}],"version-history":[{"count":2,"href":"https:\/\/www.der-arzneimittelbrief.de\/nachrichten\/wp-json\/wp\/v2\/posts\/3951\/revisions"}],"predecessor-version":[{"id":3953,"href":"https:\/\/www.der-arzneimittelbrief.de\/nachrichten\/wp-json\/wp\/v2\/posts\/3951\/revisions\/3953"}],"wp:attachment":[{"href":"https:\/\/www.der-arzneimittelbrief.de\/nachrichten\/wp-json\/wp\/v2\/media?parent=3951"}],"wp:term":[{"taxonomy":"category","embeddable":true,"href":"https:\/\/www.der-arzneimittelbrief.de\/nachrichten\/wp-json\/wp\/v2\/categories?post=3951"},{"taxonomy":"post_tag","embeddable":true,"href":"https:\/\/www.der-arzneimittelbrief.de\/nachrichten\/wp-json\/wp\/v2\/tags?post=3951"}],"curies":[{"name":"wp","href":"https:\/\/api.w.org\/{rel}","templated":true}]}}